{"id":324574,"date":"2024-06-12T01:20:17","date_gmt":"2024-06-12T01:20:17","guid":{"rendered":"https:\/\/blogfolhadocomercio.com.br\/wp\/2024\/06\/12\/embaixada-manda-a-milei-pedido-do-stf-para-checar-se-143-foragidos-do-8-01-estao-na-argentina\/"},"modified":"2024-06-12T01:20:17","modified_gmt":"2024-06-12T01:20:17","slug":"embaixada-manda-a-milei-pedido-do-stf-para-checar-se-143-foragidos-do-8-01-estao-na-argentina","status":"publish","type":"post","link":"https:\/\/blogfolhadocomercio.com.br\/wp\/2024\/06\/12\/embaixada-manda-a-milei-pedido-do-stf-para-checar-se-143-foragidos-do-8-01-estao-na-argentina\/","title":{"rendered":"Embaixada manda a Milei pedido do STF para checar se 143 foragidos do 8\/01 est\u00e3o na Argentina"},"content":{"rendered":"<p> <br \/>\n<\/p>\n<div>\n<p> A Embaixada do Brasil em Buenos Aires questionou a chancelaria argentina se 143 foragidos da Opera\u00e7\u00e3o Lesa P\u00e1tria &#8211; investiga\u00e7\u00e3o sobre os atos golpistas de 8 de janeiro &#8211; est\u00e3o no Pa\u00eds vizinho. A diplomacia brasileira encaminhou ao governo Javier Milei um of\u00edcio do Supremo Tribunal Federal com o pedido de informa\u00e7\u00f5es.<\/p>\n<p>A solicita\u00e7\u00e3o foi remetida na sexta-feira, 7, um dia depois de a Pol\u00edcia Federal abrir uma opera\u00e7\u00e3o para capturar foragidos, investigados e condenados da Lesa P\u00e1tria. Foram presos 50 suspeitos.<\/p>\n<p>A ofensiva mirou r\u00e9us que &#8216;deliberadamente&#8217; descumpriram medidas cautelares impostas no bojo da investiga\u00e7\u00e3o. Muitos quebraram tornozeleiras eletr\u00f4nicas que os mantinham sob monitoramento constante.<\/p>\n<p>Outros mudaram de endere\u00e7o sem comunicar a Justi\u00e7a. V\u00e1rios condenados n\u00e3o se apresentaram para o cumprimento da pena, fugindo para outros pa\u00edses &#8216;com o objetivo de se furtarem da aplica\u00e7\u00e3o da lei penal&#8217;.<\/p>\n<p>As pris\u00f5es foram realizadas em S\u00e3o Paulo, Esp\u00edrito Santo, Mato Grosso do Sul, Mato Grosso, Goi\u00e1s, Minas Gerais, Bahia, Paran\u00e1 e no Distrito Federal.<\/p>\n<\/p><\/div>\n\n","protected":false},"excerpt":{"rendered":"<p>A Embaixada do Brasil em Buenos Aires questionou a chancelaria argentina se 143 foragidos da Opera\u00e7\u00e3o Lesa P\u00e1tria &#8211; investiga\u00e7\u00e3o sobre os atos golpistas de 8 de janeiro &#8211; est\u00e3o&hellip;<\/p>\n","protected":false},"author":1,"featured_media":323241,"comment_status":"","ping_status":"open","sticky":false,"template":"","format":"standard","meta":{"footnotes":""},"categories":[34,42],"tags":[],"class_list":["post-324574","post","type-post","status-publish","format-standard","has-post-thumbnail","hentry","category-brasil","category-ultimas"],"_links":{"self":[{"href":"https:\/\/blogfolhadocomercio.com.br\/wp\/wp-json\/wp\/v2\/posts\/324574","targetHints":{"allow":["GET"]}}],"collection":[{"href":"https:\/\/blogfolhadocomercio.com.br\/wp\/wp-json\/wp\/v2\/posts"}],"about":[{"href":"https:\/\/blogfolhadocomercio.com.br\/wp\/wp-json\/wp\/v2\/types\/post"}],"author":[{"embeddable":true,"href":"https:\/\/blogfolhadocomercio.com.br\/wp\/wp-json\/wp\/v2\/users\/1"}],"replies":[{"embeddable":true,"href":"https:\/\/blogfolhadocomercio.com.br\/wp\/wp-json\/wp\/v2\/comments?post=324574"}],"version-history":[{"count":0,"href":"https:\/\/blogfolhadocomercio.com.br\/wp\/wp-json\/wp\/v2\/posts\/324574\/revisions"}],"wp:featuredmedia":[{"embeddable":true,"href":"https:\/\/blogfolhadocomercio.com.br\/wp\/wp-json\/wp\/v2\/media\/323241"}],"wp:attachment":[{"href":"https:\/\/blogfolhadocomercio.com.br\/wp\/wp-json\/wp\/v2\/media?parent=324574"}],"wp:term":[{"taxonomy":"category","embeddable":true,"href":"https:\/\/blogfolhadocomercio.com.br\/wp\/wp-json\/wp\/v2\/categories?post=324574"},{"taxonomy":"post_tag","embeddable":true,"href":"https:\/\/blogfolhadocomercio.com.br\/wp\/wp-json\/wp\/v2\/tags?post=324574"}],"curies":[{"name":"wp","href":"https:\/\/api.w.org\/{rel}","templated":true}]}}