{"id":324572,"date":"2024-06-11T20:21:34","date_gmt":"2024-06-11T20:21:34","guid":{"rendered":"https:\/\/blogfolhadocomercio.com.br\/wp\/2024\/06\/11\/apos-confusao-na-camara-lira-propoe-punicao-a-deputados-que-brigarem-politica-cartacapital\/"},"modified":"2024-06-12T18:51:34","modified_gmt":"2024-06-12T18:51:34","slug":"apos-confusao-na-camara-lira-propoe-punicao-a-deputados-que-brigarem-politica-cartacapital","status":"publish","type":"post","link":"https:\/\/blogfolhadocomercio.com.br\/wp\/2024\/06\/11\/apos-confusao-na-camara-lira-propoe-punicao-a-deputados-que-brigarem-politica-cartacapital\/","title":{"rendered":"Ap\u00f3s confus\u00e3o na C\u00e2mara, Lira prop\u00f5e puni\u00e7\u00e3o a deputados que brigarem \u2013 Pol\u00edtica \u2013 CartaCapital"},"content":{"rendered":"<p> <br \/>\n<\/p>\n<div>\n<p>O presidente da C\u00e2mara dos Deputados, <a href=\"https:\/\/www.cartacapital.com.br\/tag\/arthur-lira\/\">Arthur Lira<\/a> (PP-AL), sugeriu punir com suspens\u00e3o do mandato e aplica\u00e7\u00e3o de medidas cautelares deputados que quebrarem o <a href=\"https:\/\/www.cartacapital.com.br\/tag\/decoro-parlamentar\/\">decoro parlamentar<\/a>. As medidas constam em um projeto de resolu\u00e7\u00e3o apresentado a l\u00edderes partid\u00e1rios nesta ter\u00e7a-feira 11.<\/p>\n<p>A ideia, ventilada ap\u00f3s uma s\u00e9rie de tumultos envolvendo deputados na semana passada, \u00e9 alterar o regimento interno da Casa para incluir as puni\u00e7\u00f5es. Depois de apresentar a minuta do texto aos parlamentares, Lira deu tr\u00eas horas para que as bancadas sugiram altera\u00e7\u00f5es no projeto. <strong><mark>H\u00e1 a expectativa que o tema seja analisado em plen\u00e1rio ainda nesta ter\u00e7a.<\/mark><\/strong><\/p>\n<p><amp-ad width=\"300\" height=\"1\" noloading=\"\" type=\"teads\" data-pid=\"68207\" layout=\"responsive\" class=\"i-amphtml-layout-responsive i-amphtml-layout-size-defined\" i-amphtml-layout=\"responsive\"><i-amphtml-sizer style=\"display:block;padding-top:0.3333%;\"\/>  <\/amp-ad><\/p>\n<p><strong>CartaCapital<\/strong> teve acesso \u00e0 vers\u00e3o inicial distribu\u00edda aos l\u00edderes. Um dos pontos da proposta d\u00e1 aval \u00e0 <a href=\"https:\/\/www.cartacapital.com.br\/politica\/em-nova-ofensiva-ao-stf-oposicao-articula-pec-para-exigir-aval-do-congresso-em-operacoes-da-pf\/\">mesa diretora da C\u00e2mara<\/a> para suspender\u00a0cautelarmente o exerc\u00edcio do parlamentar que seja alvo de representa\u00e7\u00e3o por quebra de decoro.<\/p>\n<p><amp-iframe class=\"amp-newsletter i-amphtml-layout-responsive i-amphtml-layout-size-defined\" width=\"350\" title=\"Newsletter\" height=\"250\" layout=\"responsive\" sandbox=\"allow-scripts allow-same-origin allow-modals allow-forms\" frameborder=\"0\" src=\"https:\/\/cartacapital.com.br\/wp-content\/themes\/readanddigest-child\/amp\/amp-newsletter.php\" i-amphtml-layout=\"responsive\"><i-amphtml-sizer style=\"display:block;padding-top:71.4286%;\"\/><\/amp-iframe><\/p>\n<p>O projeto tamb\u00e9m permite ao presidente da C\u00e2mara determinar afastamento cautelar imediato de parlamentares de grupos de trabalho nos quais ele esteja atuando. Pela proposta, <a href=\"https:\/\/www.cartacapital.com.br\/politica\/glauber-braga-expulsa-integrante-do-mbl-da-camara-apos-discussao\/\">tumultos ocorridos nos corredores<\/a> da Casa poderiam ser alvos de inqu\u00e9ritos conduzidos pelo corregedor parlamentar.<\/p>\n<p>Nestes casos, ficaria permitido ainda que o deputado envolvido na confus\u00e3o seja proibido de \u201cacessar o recinto onde tenha sido praticada a conduta, quanto durar o inqu\u00e9rito\u201d. Sob reserva, parlamentares que estiveram na reuni\u00e3o relataram que Lira se referiu ao projeto como uma \u201cmedida com fins educativos\u201d.<\/p>\n<p>\u201cAtitudes violentas transmitem \u00e0 sociedade uma mensagem negativa, contribuindo para a desvaloriza\u00e7\u00e3o da atividade pol\u00edtica e fomentando a descren\u00e7a nas institui\u00e7\u00f5es democr\u00e1ticas. A ado\u00e7\u00e3o de medidas preventivas e corretivas \u00e9, portanto, essencial para resguardar o respeito m\u00fatuo, a civilidade e o bom andamento dos trabalhos parlamentares\u201d, escreveu o alagoano no projeto.<\/p>\n<p> <amp-fx-flying-carpet height=\"300px\" id=\"par06\" class=\"i-amphtml-layout-fixed-height i-amphtml-layout-size-defined\" style=\"height:300px;\" i-amphtml-layout=\"fixed-height\"> <amp-ad width=\"300\" height=\"600\" layout=\"fixed\" data-enable-refresh=\"30\" data-loading-strategy=\"2\" type=\"doubleclick\" data-slot=\"\/14147850\/cartacapital-AMP\/amp_interna_p06_fcarpet\" class=\"i-amphtml-layout-fixed i-amphtml-layout-size-defined\" style=\"width:300px;height:600px;\" i-amphtml-layout=\"fixed\"> <\/amp-ad> <\/amp-fx-flying-carpet><br \/><amp-twitter width=\"600\" height=\"480\" layout=\"responsive\" data-tweetid=\"1800599056948846716\" class=\"twitter-tweet i-amphtml-layout-responsive i-amphtml-layout-size-defined\" i-amphtml-layout=\"responsive\"><i-amphtml-sizer style=\"display:block;padding-top:80.0000%;\"\/><\/p>\n<blockquote class=\"twitter-tweet\" placeholder=\"\">\n<p dir=\"ltr\" lang=\"pt\">Apresentei ao Col\u00e9gio de L\u00edderes um projeto de resolu\u00e7\u00e3o que muda o Regimento Interno da C\u00e2mara e cria medidas de suspens\u00e3o do mandato e exclus\u00e3o de deputado do trabalho de Comiss\u00e3o com a aplica\u00e7\u00e3o de medidas cautelares aqueles que infringirem o C\u00f3digo de \u00c9tica.<\/p>\n<p>\u2014 Arthur Lira (@ArthurLira_) <a href=\"https:\/\/twitter.com\/ArthurLira_\/status\/1800599056948846716?ref_src=twsrc%5Etfw\">June 11, 2024<\/a><\/p>\n<\/blockquote>\n<p><\/amp-twitter><\/p>\n<p class=\"dark:base-text-neutral-high-400 base-text-[calc(theme(fontSize.xs)_*_var(--font-size,_1))] base-font-normal base-font-primary base-text-neutral-low-500 base-text-left\"><span class=\"b-article-body__text\">Atualmente, pelo regimento interno da C\u00e2mara, um parlamentar s\u00f3 pode ser punido por conduta atentat\u00f3ria ou incompat\u00edvel com o decoro parlamentar ap\u00f3s decis\u00e3o do conselho. <strong>As penalidades previstas s\u00e3o<\/strong>:<\/span><\/p>\n<ul class=\"b-article-body__list-unordered\">\n<li>censura, verbal ou escrita;<\/li>\n<li>suspens\u00e3o de prerrogativas regimentais por at\u00e9 seis meses;<\/li>\n<li>suspens\u00e3o do exerc\u00edcio do mandato por at\u00e9 seis meses; e<\/li>\n<li>perda de mandato.<\/li>\n<\/ul>\n<p>Desde o in\u00edcio do ano, o deputado alagoano vem manifestando a aliados certo inc\u00f4modo com entreveros entre parlamentares, principalmente em comiss\u00f5es tem\u00e1ticas.<\/p>\n<p>Na quarta-feira, os deputados <a href=\"https:\/\/www.cartacapital.com.br\/tag\/andre-janones\/\">Andr\u00e9 Janones<\/a> (Avante) e <a href=\"https:\/\/www.cartacapital.com.br\/tag\/nikolas-ferreira\/\">Nikolas Ferreira<\/a> (PL), ambos de Minas Gerais, chegaram a trocar tapas ap\u00f3s uma sess\u00e3o do Conselho de \u00c9tica. Em outra sala, o clima de hostilidade fez a deputada <a href=\"https:\/\/www.cartacapital.com.br\/politica\/luiza-erundina-recebe-alta-de-hospital-em-brasilia\/\">Luiza Erundina<\/a> (PSOL) passar mal e ser hospitalizada.\u00a0Ela discursava, quando militantes gritavam e faziam ironias \u00e0s suas falas. Erundina j\u00e1 teve alta e passa bem.<\/p>\n<\/p><\/div>\n<p><script async src=\"\/\/platform.twitter.com\/widgets.js\" charset=\"utf-8\"><\/script><br \/>\n<br \/><\/p>\n","protected":false},"excerpt":{"rendered":"<p>O presidente da C\u00e2mara dos Deputados, Arthur Lira (PP-AL), sugeriu punir com suspens\u00e3o do mandato e aplica\u00e7\u00e3o de medidas cautelares deputados que quebrarem o decoro parlamentar. As medidas constam em&hellip;<\/p>\n","protected":false},"author":1,"featured_media":324573,"comment_status":"closed","ping_status":"open","sticky":false,"template":"","format":"standard","meta":{"footnotes":""},"categories":[35,42],"tags":[],"class_list":["post-324572","post","type-post","status-publish","format-standard","has-post-thumbnail","hentry","category-politica","category-ultimas"],"_links":{"self":[{"href":"https:\/\/blogfolhadocomercio.com.br\/wp\/wp-json\/wp\/v2\/posts\/324572","targetHints":{"allow":["GET"]}}],"collection":[{"href":"https:\/\/blogfolhadocomercio.com.br\/wp\/wp-json\/wp\/v2\/posts"}],"about":[{"href":"https:\/\/blogfolhadocomercio.com.br\/wp\/wp-json\/wp\/v2\/types\/post"}],"author":[{"embeddable":true,"href":"https:\/\/blogfolhadocomercio.com.br\/wp\/wp-json\/wp\/v2\/users\/1"}],"replies":[{"embeddable":true,"href":"https:\/\/blogfolhadocomercio.com.br\/wp\/wp-json\/wp\/v2\/comments?post=324572"}],"version-history":[{"count":1,"href":"https:\/\/blogfolhadocomercio.com.br\/wp\/wp-json\/wp\/v2\/posts\/324572\/revisions"}],"predecessor-version":[{"id":324603,"href":"https:\/\/blogfolhadocomercio.com.br\/wp\/wp-json\/wp\/v2\/posts\/324572\/revisions\/324603"}],"wp:featuredmedia":[{"embeddable":true,"href":"https:\/\/blogfolhadocomercio.com.br\/wp\/wp-json\/wp\/v2\/media\/324573"}],"wp:attachment":[{"href":"https:\/\/blogfolhadocomercio.com.br\/wp\/wp-json\/wp\/v2\/media?parent=324572"}],"wp:term":[{"taxonomy":"category","embeddable":true,"href":"https:\/\/blogfolhadocomercio.com.br\/wp\/wp-json\/wp\/v2\/categories?post=324572"},{"taxonomy":"post_tag","embeddable":true,"href":"https:\/\/blogfolhadocomercio.com.br\/wp\/wp-json\/wp\/v2\/tags?post=324572"}],"curies":[{"name":"wp","href":"https:\/\/api.w.org\/{rel}","templated":true}]}}