{"id":324517,"date":"2024-06-09T23:29:19","date_gmt":"2024-06-09T23:29:19","guid":{"rendered":"https:\/\/blogfolhadocomercio.com.br\/wp\/2024\/06\/09\/agenda-climatica-e-trunfo-e-desafio-para-nova-presidenta-do-mexico-mundo-cartacapital\/"},"modified":"2024-06-09T23:29:19","modified_gmt":"2024-06-09T23:29:19","slug":"agenda-climatica-e-trunfo-e-desafio-para-nova-presidenta-do-mexico-mundo-cartacapital","status":"publish","type":"post","link":"https:\/\/blogfolhadocomercio.com.br\/wp\/2024\/06\/09\/agenda-climatica-e-trunfo-e-desafio-para-nova-presidenta-do-mexico-mundo-cartacapital\/","title":{"rendered":"agenda clim\u00e1tica \u00e9 trunfo e desafio para nova presidenta do M\u00e9xico \u2013 Mundo \u2013 CartaCapital"},"content":{"rendered":"<p> <br \/>\n<\/p>\n<div>\n<p>Entre os v\u00e1rios simbolismos da vit\u00f3ria hist\u00f3rica de <a href=\"https:\/\/www.cartacapital.com.br\/tag\/claudia-sheinbaum\/\">Claudia Sheinbaum<\/a> \u2013 a primeira mulher presidenta na hist\u00f3ria do <a href=\"https:\/\/www.cartacapital.com.br\/tag\/mexico\/\">M\u00e9xico<\/a>, eleita no domingo, 2 de junho \u2013, um deles se destaca: sua longa carreira cient\u00edfica e suas promessas de guinada em prol de uma agenda clim\u00e1tica sustent\u00e1vel. Para pesquisadores da \u00e1rea, o perfil de Sheinbaum pode ser um ponto de virada para os rumos da governan\u00e7a ambiental no segundo maior pa\u00eds da Am\u00e9rica Latina.<\/p>\n<p>Al\u00e9m de manter o Executivo por mais seis anos nas m\u00e3os do partido governista de esquerda Movimento Regenera\u00e7\u00e3o Nacional (Morena), Sheinbaum contar\u00e1 com um Legislativo bastante favor\u00e1vel para promover uma eventual \u201cagenda verde\u201d \u2013 eleitores tamb\u00e9m escolheram representantes para renovar cadeiras na C\u00e2mara e no Senado. Considerando alian\u00e7as internas, o Morena deve contar com maioria nas duas casas legislativas, podendo at\u00e9 alcan\u00e7ar maioria qualificada (dois ter\u00e7os dos votos) em ambas.<\/p>\n<p><amp-ad width=\"300\" height=\"1\" noloading=\"\" type=\"teads\" data-pid=\"68207\" layout=\"responsive\" class=\"i-amphtml-layout-responsive i-amphtml-layout-size-defined\" i-amphtml-layout=\"responsive\"><i-amphtml-sizer style=\"display:block;padding-top:0.3333%;\"\/>  <\/amp-ad><\/p>\n<p>Caso a futura presidenta mantenha as promessas de colocar a transi\u00e7\u00e3o energ\u00e9tica no centro de sua pol\u00edtica ambiental, \u00e9 poss\u00edvel que o clima ganhe uma aten\u00e7\u00e3o in\u00e9dita sob a nova administra\u00e7\u00e3o que se inicia no pr\u00f3ximo m\u00eas de dezembro. Em campanha, Sheinbaum prometeu investir mais de US$ 13 bilh\u00f5es em energias renov\u00e1veis.<\/p>\n<p><amp-iframe class=\"amp-newsletter i-amphtml-layout-responsive i-amphtml-layout-size-defined\" width=\"350\" title=\"Newsletter\" height=\"250\" layout=\"responsive\" sandbox=\"allow-scripts allow-same-origin allow-modals allow-forms\" frameborder=\"0\" src=\"https:\/\/cartacapital.com.br\/wp-content\/themes\/readanddigest-child\/amp\/amp-newsletter.php\" i-amphtml-layout=\"responsive\"><i-amphtml-sizer style=\"display:block;padding-top:71.4286%;\"\/><\/amp-iframe><\/p>\n<p>A pol\u00edtica eleita foi integrante por oito anos, a partir de 2007, do Painel Intergovernamental sobre Mudan\u00e7as Clim\u00e1ticas (IPCC, na sigla em ingl\u00eas), criado pela ONU em 1988 e hoje uma entidade com importante papel no monitoramento da crise global do clima. Al\u00e9m disso, Sheinbaum concluiu seu doutorado em engenharia energ\u00e9tica, aliando um papel de lideran\u00e7a em movimentos estudantis na d\u00e9cada de 1960 a seus estudos pessoais em temas como termodin\u00e2mica e uso eficiente de energia e conserva\u00e7\u00e3o, iniciados e desenvolvidos na Universidade Nacional Aut\u00f4noma do M\u00e9xico (Unam).<\/p>\n<p>Ela se aproximou do atual presidente, Andr\u00e9s Manuel L\u00f3pez Obrador, no in\u00edcio dos anos 2000, quando o pr\u00f3prio mandat\u00e1rio ainda dava seus primeiros passos no alto escal\u00e3o da pol\u00edtica mexicana. Foi com Obrador no governo da Cidade do M\u00e9xico, entre 2000 e 2005, que Sheinbaum atuou como secret\u00e1ria de Meio Ambiente da capital, forjando uma alian\u00e7a que seria crucial para sua vit\u00f3ria neste m\u00eas de junho.<\/p>\n<p>Em 2013, lan\u00e7ou duras cr\u00edticas contra planos de privatiza\u00e7\u00e3o da petrol\u00edfera estatal Petr\u00f3leos Mexicanos (Pemex), combinando um discurso em defesa da ind\u00fastria nacional aliado \u00e0s \u201cnecessidades de diminuir a explora\u00e7\u00e3o do petr\u00f3leo pelos efeitos das mudan\u00e7as clim\u00e1ticas\u201d, nas suas palavras.<\/p>\n<p> <amp-fx-flying-carpet height=\"300px\" id=\"par06\" class=\"i-amphtml-layout-fixed-height i-amphtml-layout-size-defined\" style=\"height:300px;\" i-amphtml-layout=\"fixed-height\"> <amp-ad width=\"300\" height=\"600\" layout=\"fixed\" data-enable-refresh=\"30\" data-loading-strategy=\"2\" type=\"doubleclick\" data-slot=\"\/14147850\/cartacapital-AMP\/amp_interna_p06_fcarpet\" class=\"i-amphtml-layout-fixed i-amphtml-layout-size-defined\" style=\"width:300px;height:600px;\" i-amphtml-layout=\"fixed\"> <\/amp-ad> <\/amp-fx-flying-carpet><\/p>\n<p>Uma d\u00e9cada mais tarde, j\u00e1 durante sua campanha eleitoral em 2023, a ent\u00e3o presidenci\u00e1vel compartilhou suas falas antigas pelas redes sociais, mostrando que teria a inten\u00e7\u00e3o de evitar que antigos erros de gest\u00e3o ambiental se repetissem: \u201cO governo mente quando diz que \u00e9 necess\u00e1rio produzir mais petr\u00f3leo [\u2026] Enquanto o mundo discute como diminuir a explora\u00e7\u00e3o petroleira por conta das mudan\u00e7as clim\u00e1ticas, o governo do M\u00e9xico n\u00e3o entende o assunto\u201d, disse h\u00e1 mais de uma d\u00e9cada.<\/p>\n<p>\u201cClaudia Sheinbaum tem uma expertise nesse tema que n\u00e3o se v\u00ea em outros l\u00edderes mundiais. Se ela souber aproveitar essa imagem enquanto cientista que pesquisa quest\u00f5es de sustentabilidade, isso vai ser um ganho gigantesco para a pol\u00edtica externa mexicana\u201d, avalia Flavia Loss, professora de Rela\u00e7\u00f5es Internacionais do Instituto Mau\u00e1 de Tecnologia (IMT), em S\u00e3o Paulo, em entrevista \u00e0 <strong>Ag\u00eancia P\u00fablica<\/strong>.<\/p>\n<h2>\n<\/h2>\n<p><strong>Para avan\u00e7ar agenda verde, presidenta ter\u00e1 que corrigir rota de plano energ\u00e9tico<\/strong>\n<\/p>\n<p>Um dos principais fatores por tr\u00e1s da vit\u00f3ria acachapante de Sheinbaum \u2013 que obteve quase 60% dos votos \u2013 foi o alto \u00edndice de aprova\u00e7\u00e3o n\u00e3o apenas de seu partido, mas do presidente L\u00f3pez Obrador.<\/p>\n<p>A ex-mandat\u00e1ria da capital busca absorver a boa aceita\u00e7\u00e3o entre os mexicanos, sobretudo no campo social, que se tornou um dos principais impulsionadores do Morena como maior for\u00e7a pol\u00edtica nacional. Ao mesmo tempo, pode ter problemas caso repita os resultados do mentor pol\u00edtico em temas como seguran\u00e7a p\u00fablica (s\u00f3 neste \u00faltimo ciclo eleitoral, 22 candidatos foram assassinados e centenas desistiram de concorrer temendo a viol\u00eancia) e meio ambiente.<\/p>\n<p>A despeito de sua popularidade e de defender a soberania energ\u00e9tica com unhas e dentes, AMLO \u2013 como o atual presidente tamb\u00e9m \u00e9 conhecido, por suas iniciais \u2013 enfrentou cr\u00edticas de ambientalistas e setores progressistas por apostar na manuten\u00e7\u00e3o de uma estrutura energ\u00e9tica ainda bastante dependente dos combust\u00edveis f\u00f3sseis.<\/p>\n<p>Em discursos recentes, Obrador exaltou a necessidade de ir por um caminho menos poluente, mas somente quando a infraestrutura geradora de energia limpa estiver devidamente consolidada para suprir a demanda interna. Analistas descrevem como importante a decis\u00e3o do governo de apresentar metas \u201cmais ambiciosas\u201d de redu\u00e7\u00e3o de emiss\u00f5es em c\u00fapulas mundiais do clima recentes \u2013 mas ressaltam que, para que isso seja alcan\u00e7ado, mudan\u00e7as em pol\u00edticas p\u00fablicas precisam come\u00e7ar sem demora.<\/p>\n<p>Ainda em maio de 2019, pouco meses ap\u00f3s o in\u00edcio da gest\u00e3o AMLO, o plano de governo projetava aumentar a fatia da produ\u00e7\u00e3o de energia via fontes renov\u00e1veis de 25,6% para 35,8% at\u00e9 2024. No entanto, estudos apontam que a produ\u00e7\u00e3o energ\u00e9tica n\u00e3o progrediu nesse sentido, ao mesmo tempo que \u00edndices pioraram durante os anos de pandemia.<\/p>\n<p>\u201cO que se discute hoje na Uni\u00e3o Europeia e nos Estados Unidos \u00e9 a pauta ambiental. Isso pode dar uma proximidade do M\u00e9xico com esses pa\u00edses que t\u00eam recursos para financiar a transi\u00e7\u00e3o energ\u00e9tica\u201d, comenta Loss. \u201cN\u00e3o existe transi\u00e7\u00e3o energ\u00e9tica sem dinheiro, e esse \u00e9 um investimento gigantesco que um pa\u00eds em desenvolvimento como o M\u00e9xico n\u00e3o consegue fazer sozinho\u201d, acrescenta. O projeto consiste em substituir matrizes de fontes como petr\u00f3leo, carv\u00e3o e g\u00e1s natural, grandes emissores de gases de efeito estufa, por fontes que geram energia a partir de \u00e1gua, sol, vento e biomassa.<\/p>\n<p>A necessidade de apoio externo, por sinal, foi citada por AMLO como justificativa para atrasar as mudan\u00e7as no setor \u2013 um discurso recorrente entre pa\u00edses em desenvolvimento. \u201cDevemos calcular bem o momento desta transi\u00e7\u00e3o para que o M\u00e9xico n\u00e3o volte a cair na depend\u00eancia de estrangeiros\u201d, disse o mandat\u00e1rio durante um evento que celebrou o anivers\u00e1rio de 86 anos da nacionaliza\u00e7\u00e3o da explora\u00e7\u00e3o do petr\u00f3leo mexicano, em mar\u00e7o.<\/p>\n<p>\u00a0<\/p>\n<p>\u00a0<\/p>\n<div id=\"attachment_431737\" class=\"wp-caption aligncenter amp-wp-c24cf63\" data-amp-original-style=\"width: 599px\"><amp-img class=\"wp-image-431737 size-full amp-wp-enforced-sizes i-amphtml-layout-intrinsic i-amphtml-layout-size-defined\" src=\"https:\/\/www.cartacapital.com.br\/wp-content\/uploads\/2024\/06\/Screenshot-2024-06-09-at-17-37-08-M%C3%A9xico-clima-%C3%A9-trunfo-e-desafio-para-presidenta-Claudia-Sheinbaum.png\" alt=\"\" width=\"589\" height=\"392\" srcset=\"https:\/\/www.cartacapital.com.br\/wp-content\/uploads\/2024\/06\/Screenshot-2024-06-09-at-17-37-08-M\u00e9xico-clima-\u00e9-trunfo-e-desafio-para-presidenta-Claudia-Sheinbaum.png 589w, https:\/\/www.cartacapital.com.br\/wp-content\/uploads\/2024\/06\/Screenshot-2024-06-09-at-17-37-08-M\u00e9xico-clima-\u00e9-trunfo-e-desafio-para-presidenta-Claudia-Sheinbaum-300x200.png 300w, https:\/\/www.cartacapital.com.br\/wp-content\/uploads\/2024\/06\/Screenshot-2024-06-09-at-17-37-08-M\u00e9xico-clima-\u00e9-trunfo-e-desafio-para-presidenta-Claudia-Sheinbaum-420x280.png 420w, https:\/\/www.cartacapital.com.br\/wp-content\/uploads\/2024\/06\/Screenshot-2024-06-09-at-17-37-08-M\u00e9xico-clima-\u00e9-trunfo-e-desafio-para-presidenta-Claudia-Sheinbaum-128x86.png 128w, https:\/\/www.cartacapital.com.br\/wp-content\/uploads\/2024\/06\/Screenshot-2024-06-09-at-17-37-08-M\u00e9xico-clima-\u00e9-trunfo-e-desafio-para-presidenta-Claudia-Sheinbaum-150x100.png 150w\" layout=\"intrinsic\" i-amphtml-layout=\"intrinsic\"><i-amphtml-sizer class=\"i-amphtml-sizer\"><\/i-amphtml-sizer><img loading=\"lazy\" decoding=\"async\" class=\"wp-image-431737 size-full\" src=\"https:\/\/www.cartacapital.com.br\/wp-content\/uploads\/2024\/06\/Screenshot-2024-06-09-at-17-37-08-M%C3%A9xico-clima-%C3%A9-trunfo-e-desafio-para-presidenta-Claudia-Sheinbaum.png\" alt=\"\" width=\"589\" height=\"392\" srcset=\"https:\/\/www.cartacapital.com.br\/wp-content\/uploads\/2024\/06\/Screenshot-2024-06-09-at-17-37-08-M\u00e9xico-clima-\u00e9-trunfo-e-desafio-para-presidenta-Claudia-Sheinbaum.png 589w, https:\/\/www.cartacapital.com.br\/wp-content\/uploads\/2024\/06\/Screenshot-2024-06-09-at-17-37-08-M\u00e9xico-clima-\u00e9-trunfo-e-desafio-para-presidenta-Claudia-Sheinbaum-300x200.png 300w, https:\/\/www.cartacapital.com.br\/wp-content\/uploads\/2024\/06\/Screenshot-2024-06-09-at-17-37-08-M\u00e9xico-clima-\u00e9-trunfo-e-desafio-para-presidenta-Claudia-Sheinbaum-420x280.png 420w, https:\/\/www.cartacapital.com.br\/wp-content\/uploads\/2024\/06\/Screenshot-2024-06-09-at-17-37-08-M\u00e9xico-clima-\u00e9-trunfo-e-desafio-para-presidenta-Claudia-Sheinbaum-128x86.png 128w, https:\/\/www.cartacapital.com.br\/wp-content\/uploads\/2024\/06\/Screenshot-2024-06-09-at-17-37-08-M\u00e9xico-clima-\u00e9-trunfo-e-desafio-para-presidenta-Claudia-Sheinbaum-150x100.png 150w\" sizes=\"auto, (max-width: 589px) 100vw, 589px\"\/><\/amp-img><\/p>\n<p class=\"wp-caption-text\">Sheinbaum se aliou a Obrador nos anos 2000, formando uma parceria decisiva para sua vit\u00f3ria eleitoral. Cr\u00e9ditos: PaezHache\/Wikimmedia Comons<\/p>\n<p>    <amp-fx-flying-carpet height=\"300px\" id=\"par18\" class=\"i-amphtml-layout-fixed-height i-amphtml-layout-size-defined\" style=\"height:300px;\" i-amphtml-layout=\"fixed-height\">        <amp-ad width=\"300\" height=\"600\" layout=\"fixed\" data-enable-refresh=\"30\" data-loading-strategy=\"2\" type=\"doubleclick\" data-slot=\"\/14147850\/cartacapital-AMP\/amp_interna_p18_fcarpet\" class=\"i-amphtml-layout-fixed i-amphtml-layout-size-defined\" style=\"width:300px;height:600px;\" i-amphtml-layout=\"fixed\">        <\/amp-ad>    <\/amp-fx-flying-carpet><\/div>\n<p>\u00a0<\/p>\n<h2>\n<strong>Presidenta ter\u00e1 nas m\u00e3os um pa\u00eds dependente de energia n\u00e3o renov\u00e1vel<\/strong><\/h2>\n<p>Atualmente, cerca de 80% da gera\u00e7\u00e3o de energia do pa\u00eds ainda vem de fontes n\u00e3o renov\u00e1veis. Documentos da Internacional Trade Administration (ITA) descrevem o ramo petrol\u00edfero como um \u201ccomponente crucial\u201d para a economia mexicana, com 20% das receitas totais do governo vindo dessa ind\u00fastria em 2022.<\/p>\n<p>J\u00e1 Sheinbaum, cuja gest\u00e3o se cerca ainda mais de expectativa por sua raiz acad\u00eamica nesse mesmo ramo, promete fazer diferente. Ao menos \u00e9 o que diz seu leque de propostas, cujo texto oficial menciona o termo \u201ctransi\u00e7\u00e3o energ\u00e9tica\u201d mais de 300 vezes. A Associa\u00e7\u00e3o Mexicana de Energia (AME), que celebrou o resultado das elei\u00e7\u00f5es, se disse \u201cpronta\u201d para promover essa mudan\u00e7a.<\/p>\n<p>Para Jo\u00e3o Alfredo Lopes Nyegray, especialista em neg\u00f3cios internacionais e coordenador do curso de Com\u00e9rcio Exterior da Universidade Positivo (UP), em Curitiba, \u00e9 poss\u00edvel que o novo governo n\u00e3o mude tanto a dire\u00e7\u00e3o quanto \u00e0s regulamenta\u00e7\u00f5es j\u00e1 existentes no pa\u00eds. \u201cO M\u00e9xico possui e j\u00e1 tem implementado v\u00e1rias pol\u00edticas ambientais e participa de diversos acordos internacionais para prote\u00e7\u00e3o do meio ambiente\u201d, avalia. \u201cA quest\u00e3o \u00e9 que, como acontece tradicionalmente, n\u00e3o basta que um ou dois pa\u00edses participem desses compromissos ambientais. \u00c9 necess\u00e1rio um comprometimento da sociedade internacional, e que seu vizinho ao norte [os Estados Unidos] fa\u00e7a o mesmo\u201d, aponta.<\/p>\n<p>Nesse sentido, mais do que mudar leis, Sheinbaum poderia promover a guinada atrav\u00e9s de subs\u00eddios a ind\u00fastrias mais \u201climpas\u201d, que hoje ainda s\u00e3o negligenciadas. Entre outras poss\u00edveis mudan\u00e7as, como maiores est\u00edmulos \u00e0 produ\u00e7\u00e3o de biocombust\u00edveis, um caminho poss\u00edvel \u00e9 apostar em uma frota nacional cada vez maior de carros el\u00e9tricos. De acordo com dados de 2023 da Associa\u00e7\u00e3o Mexicana da Ind\u00fastria Automotiva (Amia), uma pol\u00edtica nacional que estimule esse setor poderia fazer com que quase 40% dos ve\u00edculos vendidos no pa\u00eds n\u00e3o dependam de derivados do petr\u00f3leo em 2030 \u2013 o n\u00famero cairia pela metade caso nada seja feito.<\/p>\n<p>Em seu estudo, a Amia projeta que esse tipo de transi\u00e7\u00e3o reduziria as emiss\u00f5es em cerca de 26,2 milh\u00f5es de toneladas de di\u00f3xido de carbono (CO2) at\u00e9 o final da d\u00e9cada. O dado \u00e9 relevante quando considerado que as emiss\u00f5es mexicanas voltaram a crescer de 2020 em diante, superando o patamar visto em 2018, o primeiro ano do Morena. Relat\u00f3rios de 2023 mostram que o M\u00e9xico \u00e9 o nono pa\u00eds do mundo em \u00edndices de emiss\u00e3o de gases de efeito estufa.<\/p>\n<p>\u00a0<\/p>\n<div id=\"attachment_431738\" class=\"wp-caption aligncenter amp-wp-c99efe0\" data-amp-original-style=\"width: 595px\"><amp-img class=\"wp-image-431738 size-full amp-wp-enforced-sizes i-amphtml-layout-intrinsic i-amphtml-layout-size-defined\" src=\"https:\/\/www.cartacapital.com.br\/wp-content\/uploads\/2024\/06\/Screenshot-2024-06-09-at-17-39-07-M%C3%A9xico-clima-%C3%A9-trunfo-e-desafio-para-presidenta-Claudia-Sheinbaum.png\" alt=\"\" width=\"585\" height=\"356\" srcset=\"https:\/\/www.cartacapital.com.br\/wp-content\/uploads\/2024\/06\/Screenshot-2024-06-09-at-17-39-07-M\u00e9xico-clima-\u00e9-trunfo-e-desafio-para-presidenta-Claudia-Sheinbaum.png 585w, https:\/\/www.cartacapital.com.br\/wp-content\/uploads\/2024\/06\/Screenshot-2024-06-09-at-17-39-07-M\u00e9xico-clima-\u00e9-trunfo-e-desafio-para-presidenta-Claudia-Sheinbaum-300x183.png 300w, https:\/\/www.cartacapital.com.br\/wp-content\/uploads\/2024\/06\/Screenshot-2024-06-09-at-17-39-07-M\u00e9xico-clima-\u00e9-trunfo-e-desafio-para-presidenta-Claudia-Sheinbaum-420x256.png 420w\" layout=\"intrinsic\" i-amphtml-layout=\"intrinsic\"><i-amphtml-sizer class=\"i-amphtml-sizer\"><img decoding=\"async\" alt=\"\" aria-hidden=\"true\" class=\"i-amphtml-intrinsic-sizer\" role=\"presentation\" src=\"data:image\/svg+xml;charset=utf-8,&lt;svg height=&quot;356&quot; width=&quot;585&quot; xmlns=&quot;http:\/\/www.w3.org\/2000\/svg&quot; version=&quot;1.1&quot;\/&gt;\"\/><\/i-amphtml-sizer><img loading=\"lazy\" decoding=\"async\" class=\"wp-image-431738 size-full\" src=\"https:\/\/www.cartacapital.com.br\/wp-content\/uploads\/2024\/06\/Screenshot-2024-06-09-at-17-39-07-M%C3%A9xico-clima-%C3%A9-trunfo-e-desafio-para-presidenta-Claudia-Sheinbaum.png\" alt=\"\" width=\"585\" height=\"356\" srcset=\"https:\/\/www.cartacapital.com.br\/wp-content\/uploads\/2024\/06\/Screenshot-2024-06-09-at-17-39-07-M\u00e9xico-clima-\u00e9-trunfo-e-desafio-para-presidenta-Claudia-Sheinbaum.png 585w, https:\/\/www.cartacapital.com.br\/wp-content\/uploads\/2024\/06\/Screenshot-2024-06-09-at-17-39-07-M\u00e9xico-clima-\u00e9-trunfo-e-desafio-para-presidenta-Claudia-Sheinbaum-300x183.png 300w, https:\/\/www.cartacapital.com.br\/wp-content\/uploads\/2024\/06\/Screenshot-2024-06-09-at-17-39-07-M\u00e9xico-clima-\u00e9-trunfo-e-desafio-para-presidenta-Claudia-Sheinbaum-420x256.png 420w\" sizes=\"auto, (max-width: 585px) 100vw, 585px\"\/><\/amp-img><\/p>\n<p class=\"wp-caption-text\">Refinaria de petr\u00f3leo localizada em Hidalgo, M\u00e9xico. O pa\u00eds gera aproximadamente 80% de sua energia a partir de fontes n\u00e3o renov\u00e1veis. Cr\u00e9ditos: Presid\u00eancia do M\u00e9xico \/ Wikkimedia Commons<\/p>\n<\/p><\/div>\n<p>\u00a0<\/p>\n<h2><strong>Trem Maia \u2013 a heran\u00e7a controversa de Obrador<\/strong><\/h2>\n<p>No \u00e2mbito da infraestrutura, Sheinbaum tamb\u00e9m herdar\u00e1 de Obrador uma situa\u00e7\u00e3o cercada de controv\u00e9rsias ao redor do chamado \u201cTrem Maia\u201d, linha f\u00e9rrea que se estende por mais de 1.500 quil\u00f4metros na pen\u00ednsula de Yucat\u00e1n, zona apinhada de conhecidos destinos tur\u00edsticos paradis\u00edacos no Caribe mexicano \u2013 como Canc\u00fan.<\/p>\n<p>Inaugurada parcialmente em 2023, a obra bilion\u00e1ria virou a menina dos olhos do presidente, que relatou a gera\u00e7\u00e3o de 100 mil empregos e prometeu alavancar a prosperidade econ\u00f4mica em regi\u00f5es historicamente empobrecidas do pa\u00eds, em especial nas prov\u00edncias de Campeche e Chiapas.<\/p>\n<p>No entanto, a exalta\u00e7\u00e3o da obra pelo governo conviveu com in\u00fameras den\u00fancias de grupos ind\u00edgenas e ambientalistas. De acordo com an\u00e1lises de sat\u00e9lite feitas por organiza\u00e7\u00f5es n\u00e3o governamentais, pelo menos 6.700 hectares de floresta foram desmatados para a constru\u00e7\u00e3o das linhas do trem. Al\u00e9m dos riscos que o empreendimento representa para a fauna e flora locais, entidades e especialistas alertam que comunidades origin\u00e1rias e at\u00e9 mesmo s\u00edtios arqueol\u00f3gicos protegidos enfrentam perigos.<\/p>\n<p>    <amp-fx-flying-carpet height=\"300px\" id=\"par30\" class=\"i-amphtml-layout-fixed-height i-amphtml-layout-size-defined\" style=\"height:300px;\" i-amphtml-layout=\"fixed-height\">        <amp-ad width=\"300\" height=\"600\" layout=\"fixed\" data-enable-refresh=\"30\" data-loading-strategy=\"2\" type=\"doubleclick\" data-slot=\"\/14147850\/cartacapital-AMP\/amp_interna_p30_fcarpet\" class=\"i-amphtml-layout-fixed i-amphtml-layout-size-defined\" style=\"width:300px;height:600px;\" i-amphtml-layout=\"fixed\">        <\/amp-ad>    <\/amp-fx-flying-carpet><\/p>\n<p>Em 2022, quando confrontado sobre os poss\u00edveis danos ambientais vindos a bordo do Trem Maia, Obrador foi criticado ao acusar alguns ambientalistas de serem \u201cfinanciados pelos Estados Unidos\u201d.<\/p>\n<h2>\n<strong>Crise h\u00eddrica pode ser um dos principais desafios para futura presidenta<\/strong><\/h2>\n<p>H\u00e1 um calcanhar de Aquiles na pauta ambiental que pode assombrar a futura presidenta muito antes do que se imagina: a prolongada crise h\u00eddrica vivida pela Cidade do M\u00e9xico, que nem sua gest\u00e3o nem o governo seguinte, tamb\u00e9m do Morena, foram capazes de resolver. Desde 2022, as precipita\u00e7\u00f5es est\u00e3o abaixo das m\u00e9dias hist\u00f3ricas. Ela tomar\u00e1 posse meses ap\u00f3s uma grave onda de calor causar a morte de pelo menos 60 pessoas e dezenas de animais silvestres (alguns, amea\u00e7ados de extin\u00e7\u00e3o) em territ\u00f3rio nacional. Especialistas apontam rela\u00e7\u00e3o entre essas crises, altos \u00edndices de desmatamento e inc\u00eandios florestais.<\/p>\n<p>\u201c[O M\u00e9xico] n\u00e3o \u00e9 um pa\u00eds que vem desrespeitando os acordos ambientais como \u00e0 primeira vista se poderia acreditar em virtude de um desenvolvimento industrial. No entanto, \u00e9 um pa\u00eds que vem passando por problemas ambientais graves em virtude de mudan\u00e7as clim\u00e1ticas\u201d, comenta Nyegray.<\/p>\n<p>Proje\u00e7\u00f5es mais pessimistas falam at\u00e9 da imin\u00eancia de um \u201cDia Zero\u201d no horizonte da capital mexicana, como \u00e9 definida a data em que uma cidade fica desabastecida de \u00e1gua. No limite, se o cen\u00e1rio atual se mantiver, toda a mancha urbana onde vivem 22 milh\u00f5es de pessoas poderia ficar sem \u00e1gua pot\u00e1vel a partir do pr\u00f3ximo dia 26 de junho.<\/p>\n<p>Embora a estiagem explique parte do problema, h\u00e1 tamb\u00e9m uma responsabilidade do governo no agravamento da crise: a Secretaria do Meio Ambiente da cidade estima que at\u00e9 40% do fornecimento de \u00e1gua seja desperdi\u00e7ado por vazamentos na rede de distribui\u00e7\u00e3o, atribu\u00eddos a conex\u00f5es ilegais e tubula\u00e7\u00f5es degradadas pelos anos, que o poder p\u00fablico n\u00e3o tem sido capaz de consertar a tempo.<\/p>\n<p>Por enquanto, a amea\u00e7a de torneiras secas n\u00e3o teve custos pol\u00edticos significativos: Sheinbaum n\u00e3o s\u00f3 venceu com folga como o Morena manteve o poder na Cidade do M\u00e9xico com uma vota\u00e7\u00e3o confort\u00e1vel. Mas tudo pode mudar rapidamente se o cen\u00e1rio mais amea\u00e7ador acabar confirmado.<\/p>\n<p>\u201c\u00c9 uma pauta ainda subestimada, mas n\u00e3o \u00e9 t\u00e3o distante da realidade das pessoas, e \u00e9 um tema de sobreviv\u00eancia b\u00e1sica. [Sheinbaum e o Morena devem] estar correndo contra o tempo para que n\u00e3o ocorra e para diminuir o impacto de uma massiva falta de \u00e1gua, porque, se isso acontecer, \u00e9 algo que vai assombrar o governo dela, e essa cobran\u00e7a vir\u00e1\u201d, entende Loss.<\/p>\n<h2>\n<strong>Agenda clim\u00e1tica pode aproximar M\u00e9xico e Brasil<\/strong><\/h2>\n<p>A vit\u00f3ria de Sheinbaum foi celebrada pelo governo Lula, que sempre manteve boa rela\u00e7\u00e3o com AMLO. Pelas redes sociais, o l\u00edder brasileiro e a presidenta eleita trocaram elogios, projetando um horizonte de proximidade pol\u00edtica e diplom\u00e1tica. Segundo a mexicana, seu pa\u00eds e o Brasil \u201cs\u00e3o grandes na\u00e7\u00f5es unidas por uma vis\u00e3o e valores comuns\u201d.<\/p>\n<p>Historicamente, por\u00e9m, esse contato n\u00e3o tem sido t\u00e3o pr\u00f3ximo. \u201cS\u00e3o pa\u00edses geograficamente distantes e que t\u00eam naturalmente uma dificuldade de se integrar por ter uma pauta econ\u00f4mica semelhante\u201d, explica Nyegray.<\/p>\n<p>Mas, no papel de pot\u00eancias latino-americanas, os dois maiores pa\u00edses da regi\u00e3o t\u00eam muito a ganhar com o desfecho eleitoral, seja pela afinidade entre os dois governos ou por agendas afins, espera Loss.<\/p>\n<p>Pelo menos at\u00e9 o final de 2025, quando o Chile realizar\u00e1 novas elei\u00e7\u00f5es, quatro dos cinco maiores PIBs da regi\u00e3o \u2013 Brasil, Chile, M\u00e9xico e Col\u00f4mbia \u2013 estar\u00e3o, com exce\u00e7\u00e3o da Argentina de Javier Milei, sob o comando de lideran\u00e7as \u00e0 esquerda, o que pode facilitar a integra\u00e7\u00e3o regional de olho em um horizonte mais comprometido com o meio ambiente.<\/p>\n<p>\u201cCom dois governos de centro-esquerda, temos mais chance de conversar e sentar na mesma ponta da mesa para pensar em projetos conjuntos. Seria fundamental para todo o continente, j\u00e1 que s\u00e3o as duas maiores economias da Am\u00e9rica Latina\u201d, relata Loss \u00e0 P\u00fablica. \u201cBrasil e M\u00e9xico s\u00e3o muito distantes, mas isso por barreiras que n\u00f3s mesmos colocamos, pois somos mais parecidos do que imaginamos\u201d, conclui.<\/p>\n<p>    <amp-fx-flying-carpet height=\"300px\" id=\"par42\" class=\"i-amphtml-layout-fixed-height i-amphtml-layout-size-defined\" style=\"height:300px;\" i-amphtml-layout=\"fixed-height\">        <amp-ad width=\"300\" height=\"600\" layout=\"fixed\" data-enable-refresh=\"30\" data-loading-strategy=\"2\" type=\"doubleclick\" data-slot=\"\/14147850\/cartacapital-AMP\/amp_interna_p42_fcarpet\" class=\"i-amphtml-layout-fixed i-amphtml-layout-size-defined\" style=\"width:300px;height:600px;\" i-amphtml-layout=\"fixed\">        <\/amp-ad>    <\/amp-fx-flying-carpet><\/div>\n\n","protected":false},"excerpt":{"rendered":"<p>Entre os v\u00e1rios simbolismos da vit\u00f3ria hist\u00f3rica de Claudia Sheinbaum \u2013 a primeira mulher presidenta na hist\u00f3ria do M\u00e9xico, eleita no domingo, 2 de junho \u2013, um deles se destaca:&hellip;<\/p>\n","protected":false},"author":1,"featured_media":324518,"comment_status":"","ping_status":"open","sticky":false,"template":"","format":"standard","meta":{"footnotes":""},"categories":[34,43,35,42],"tags":[],"class_list":["post-324517","post","type-post","status-publish","format-standard","has-post-thumbnail","hentry","category-brasil","category-economia","category-politica","category-ultimas"],"_links":{"self":[{"href":"https:\/\/blogfolhadocomercio.com.br\/wp\/wp-json\/wp\/v2\/posts\/324517","targetHints":{"allow":["GET"]}}],"collection":[{"href":"https:\/\/blogfolhadocomercio.com.br\/wp\/wp-json\/wp\/v2\/posts"}],"about":[{"href":"https:\/\/blogfolhadocomercio.com.br\/wp\/wp-json\/wp\/v2\/types\/post"}],"author":[{"embeddable":true,"href":"https:\/\/blogfolhadocomercio.com.br\/wp\/wp-json\/wp\/v2\/users\/1"}],"replies":[{"embeddable":true,"href":"https:\/\/blogfolhadocomercio.com.br\/wp\/wp-json\/wp\/v2\/comments?post=324517"}],"version-history":[{"count":0,"href":"https:\/\/blogfolhadocomercio.com.br\/wp\/wp-json\/wp\/v2\/posts\/324517\/revisions"}],"wp:featuredmedia":[{"embeddable":true,"href":"https:\/\/blogfolhadocomercio.com.br\/wp\/wp-json\/wp\/v2\/media\/324518"}],"wp:attachment":[{"href":"https:\/\/blogfolhadocomercio.com.br\/wp\/wp-json\/wp\/v2\/media?parent=324517"}],"wp:term":[{"taxonomy":"category","embeddable":true,"href":"https:\/\/blogfolhadocomercio.com.br\/wp\/wp-json\/wp\/v2\/categories?post=324517"},{"taxonomy":"post_tag","embeddable":true,"href":"https:\/\/blogfolhadocomercio.com.br\/wp\/wp-json\/wp\/v2\/tags?post=324517"}],"curies":[{"name":"wp","href":"https:\/\/api.w.org\/{rel}","templated":true}]}}