{"id":324333,"date":"2024-05-24T13:31:06","date_gmt":"2024-05-24T13:31:06","guid":{"rendered":"https:\/\/blogfolhadocomercio.com.br\/wp\/2024\/05\/24\/ministerio-da-saude-investira-r-887-milhoes-ao-ano-em-cuidados-paliativos\/"},"modified":"2024-05-24T13:31:06","modified_gmt":"2024-05-24T13:31:06","slug":"ministerio-da-saude-investira-r-887-milhoes-ao-ano-em-cuidados-paliativos","status":"publish","type":"post","link":"https:\/\/blogfolhadocomercio.com.br\/wp\/2024\/05\/24\/ministerio-da-saude-investira-r-887-milhoes-ao-ano-em-cuidados-paliativos\/","title":{"rendered":"Minist\u00e9rio da Sa\u00fade investir\u00e1 R$ 887 milh\u00f5es ao ano em cuidados paliativos"},"content":{"rendered":"<p> <br \/>\n<\/p>\n<div>\n<p>\u00a0\u00a0A proposta da nova pol\u00edtica \u00e9 garantir a assist\u00eancia a pacientes adultos e pedi\u00e1tricos do SUS\u00a0[[{\u201cvalue\u201d:\u201d<\/p>\n<p>BRAS\u00cdLIA, DF (FOLHAPRESS) \u2013 O Minist\u00e9rio da Sa\u00fade lan\u00e7ou nesta quinta-feira (23) a Pol\u00edtica Nacional de Cuidados Paliativos. S\u00e3o previstos atendimento f\u00edsico, psicoemocional, espiritual e social para os pacientes.<\/p>\n<p>A proposta da nova pol\u00edtica \u00e9 garantir a assist\u00eancia a pacientes adultos e pedi\u00e1tricos do SUS desde o diagn\u00f3stico at\u00e9 a fase final de uma doen\u00e7a grave e incur\u00e1vel.<\/p>\n<p>Segundo dados da OMS (Organiza\u00e7\u00e3o Mundial de Sa\u00fade) apresentados pela pasta, 625 mil pessoas no Brasil precisam de cuidados paliativos, sendo 591.890 adultos e 33.894 crian\u00e7as.<\/p>\n<p>A proposta prev\u00ea 1.321 equipes compostas por m\u00e9dicos, enfermeiros, psic\u00f3logos e assistentes sociais para todas as regi\u00f5es do pa\u00eds. O investimento ser\u00e1 de at\u00e9 R$ 887 milh\u00f5es ao ano.<\/p>\n<p>Al\u00e9m da cria\u00e7\u00e3o de novas equipes, est\u00e3o previstas a capacita\u00e7\u00e3o para esse atendimento, a inclus\u00e3o da disciplina nos curr\u00edculos de cursos da \u00e1rea da sa\u00fade e a amplia\u00e7\u00e3o do acesso a medicamentos.<\/p>\n<p>\u201cAs equipes v\u00e3o ser contratadas por estados e munic\u00edpios e a velocidade da implementa\u00e7\u00e3o vai depender da capacidade dos munic\u00edpios e estados de implementarem. Essas equipes nos servi\u00e7os v\u00e3o modificar pr\u00e1ticas, induzir mudan\u00e7a de cultura na l\u00f3gica de organiza\u00e7\u00e3o de servi\u00e7os\u201d, disse Adriano Massuda, secret\u00e1rio de Aten\u00e7\u00e3o Especializada \u00e0 Sa\u00fade.<\/p>\n<p>\u201cFoi assim com sa\u00fade da fam\u00edlia, uma mudan\u00e7a importante na cultura organizacional dos servi\u00e7os de sa\u00fade do Brasil. Expandiu a oferta de servi\u00e7o, melhorou os indicadores de sa\u00fade, reduziu a mortalidade infantil\u201d, acrescentou.<\/p>\n<p>O Minist\u00e9rio da Sa\u00fade aprovou a Pol\u00edtica Nacional de Cuidados Paliativos em dezembro do ano passado, mas ainda era necess\u00e1ria a publica\u00e7\u00e3o de uma portaria para regulamentar a nova pol\u00edtica.<\/p>\n<p>Segundo a norma publicada nesta quarta-feira (22), os cuidados abrangem tanto a pessoa que est\u00e1 doente quanto aos seus familiares e cuidadores.<\/p>\n<p>S\u00e3o previstos atendimentos f\u00edsico, psicoemocional, espiritual e social. No \u00e2mbito f\u00edsico, compreende a\u00e7\u00f5es de tratamento e gerenciamento de sintomas como dor, dispneia, desconforto e n\u00e1useas.<\/p>\n<p>J\u00e1 no psicossocial compreende o suporte psicol\u00f3gico e emocional. Tamb\u00e9m est\u00e1 prevista assist\u00eancia espiritual conforme a cren\u00e7a e a vontade da pessoa.<\/p>\n<p>O \u00e2mbito social compreende a\u00e7\u00f5es para preservar a inser\u00e7\u00e3o e o conv\u00edvio social da pessoa, viabilizando o acesso a todos os recursos necess\u00e1rios para seguir com o seu tratamento e ter uma boa qualidade de vida.<\/p>\n<p>H\u00e1 normas no SUS, desde 2002, determinando a oferta de cuidados paliativos, mas elas nunca se efetivaram de forma ampla, principalmente, pela falta de or\u00e7amento previsto para esse fim e de equipes capacitadas.<\/p>\n<p>Desde 2020, h\u00e1 um projeto coordenado pelo Hospital S\u00edrio-Liban\u00eas, por meio do Proadi (programa de apoio ao desenvolvimento institucional do SUS), que vem capacitando equipes do SUS a adotar protocolos de cuidados paliativos.<\/p>\n<p>Busca tamb\u00e9m desconstruir a ideia de que eles est\u00e3o restritos a uma fase final de vida do paciente, a um \u00fanico setor e a uma \u00fanica equipe m\u00e9dica.<\/p>\n<p>\u201c}]]\u00a0<\/p>\n<\/div>\n\n","protected":false},"excerpt":{"rendered":"<p>\u00a0\u00a0A proposta da nova pol\u00edtica \u00e9 garantir a assist\u00eancia a pacientes adultos e pedi\u00e1tricos do SUS\u00a0[[{\u201cvalue\u201d:\u201d BRAS\u00cdLIA, DF (FOLHAPRESS) \u2013 O Minist\u00e9rio da Sa\u00fade lan\u00e7ou nesta quinta-feira (23) a Pol\u00edtica&hellip;<\/p>\n","protected":false},"author":1,"featured_media":324334,"comment_status":"","ping_status":"open","sticky":false,"template":"","format":"standard","meta":{"footnotes":""},"categories":[34,35,42],"tags":[],"class_list":["post-324333","post","type-post","status-publish","format-standard","has-post-thumbnail","hentry","category-brasil","category-politica","category-ultimas"],"_links":{"self":[{"href":"https:\/\/blogfolhadocomercio.com.br\/wp\/wp-json\/wp\/v2\/posts\/324333","targetHints":{"allow":["GET"]}}],"collection":[{"href":"https:\/\/blogfolhadocomercio.com.br\/wp\/wp-json\/wp\/v2\/posts"}],"about":[{"href":"https:\/\/blogfolhadocomercio.com.br\/wp\/wp-json\/wp\/v2\/types\/post"}],"author":[{"embeddable":true,"href":"https:\/\/blogfolhadocomercio.com.br\/wp\/wp-json\/wp\/v2\/users\/1"}],"replies":[{"embeddable":true,"href":"https:\/\/blogfolhadocomercio.com.br\/wp\/wp-json\/wp\/v2\/comments?post=324333"}],"version-history":[{"count":0,"href":"https:\/\/blogfolhadocomercio.com.br\/wp\/wp-json\/wp\/v2\/posts\/324333\/revisions"}],"wp:featuredmedia":[{"embeddable":true,"href":"https:\/\/blogfolhadocomercio.com.br\/wp\/wp-json\/wp\/v2\/media\/324334"}],"wp:attachment":[{"href":"https:\/\/blogfolhadocomercio.com.br\/wp\/wp-json\/wp\/v2\/media?parent=324333"}],"wp:term":[{"taxonomy":"category","embeddable":true,"href":"https:\/\/blogfolhadocomercio.com.br\/wp\/wp-json\/wp\/v2\/categories?post=324333"},{"taxonomy":"post_tag","embeddable":true,"href":"https:\/\/blogfolhadocomercio.com.br\/wp\/wp-json\/wp\/v2\/tags?post=324333"}],"curies":[{"name":"wp","href":"https:\/\/api.w.org\/{rel}","templated":true}]}}