{"id":324325,"date":"2024-05-23T17:34:11","date_gmt":"2024-05-23T17:34:11","guid":{"rendered":"https:\/\/blogfolhadocomercio.com.br\/wp\/2024\/05\/23\/jornada-da-cidadania-da-puc-goias-oferece-servicos-gratuitos-a-comunidade\/"},"modified":"2024-05-23T17:34:11","modified_gmt":"2024-05-23T17:34:11","slug":"jornada-da-cidadania-da-puc-goias-oferece-servicos-gratuitos-a-comunidade","status":"publish","type":"post","link":"https:\/\/blogfolhadocomercio.com.br\/wp\/2024\/05\/23\/jornada-da-cidadania-da-puc-goias-oferece-servicos-gratuitos-a-comunidade\/","title":{"rendered":"Jornada da Cidadania da PUC Goi\u00e1s oferece servi\u00e7os gratuitos \u00e0 comunidade"},"content":{"rendered":"<p> <br \/>\n<\/p>\n<div>\n<p class=\"last-updated\">\u00daltima atualiza\u00e7\u00e3o 23\/05\/2024 | 12:47 <\/p>\n<p>Come\u00e7ou nesta quinta-feira, 23, a s\u00e9tima edi\u00e7\u00e3o da Jornada da Cidadania da <strong><a href=\"https:\/\/www.pucgoias.edu.br\/\">Pontif\u00edcia Universidade Cat\u00f3lica de Goi\u00e1s<\/a><\/strong>. O evento, realizado no Centro de Conven\u00e7\u00f5es da Universidade, localizado no C\u00e2mpus II, Jardim Mariliza, continua amanh\u00e3, com a oferta in\u00fameros <strong><a href=\"https:\/\/diariodoestadogo.com.br\/vapt-vupt-do-buena-vista-sera-fechado-devido-a-baixa-demanda-de-servicos\/\">servi\u00e7os<\/a> <\/strong>gratuitos nas \u00e1reas de sa\u00fade, jur\u00eddica, educa\u00e7\u00e3o, cultura e lazer. O atendimento ao p\u00fablico ocorre das 8h \u00e0s 17 horas, nos dois dias.<\/p>\n<p>Tamb\u00e9m ser\u00e3o prestados atendimentos em consultoria em neg\u00f3cios e empreendedorismo; laborat\u00f3rio de ensino dos cursos de forma\u00e7\u00e3o de professores, mostra de ci\u00eancia e tecnologia, shows, filmes, literatura e exposi\u00e7\u00f5es, al\u00e9m de a\u00e7\u00f5es ligadas ao meio ambiente e desenvolvimento sustent\u00e1vel com \u00eanfase na defesa do bioma Cerrado e no patrim\u00f4nio material e imaterial dos povos origin\u00e1rios.<\/p>\n<p>Na Esta\u00e7\u00e3o Sa\u00fade ser\u00e3o realizados atendimentos nas \u00e1reas de nutri\u00e7\u00e3o, fonoaudiologia, fisioterapia, psicologia, biomedicina, farm\u00e1cia, odontologia e medicina. Entre os servi\u00e7os oferecidos est\u00e3o: curso para gestantes, aferi\u00e7\u00e3o de press\u00e3o arterial e de glicemia, atendimentos psicoter\u00e1picos de emerg\u00eancia, promo\u00e7\u00e3o da sa\u00fade em diabetes, sa\u00fade auditiva, c\u00e2ncer de mama, pr\u00f3stata e trato gastrointestinal, dosagem de glicemia capitar e exame de preven\u00e7\u00e3o de c\u00e2ncer bucal, entre outros. No dia 23, ser\u00e1 realizada a Corrida das Mulheres \u2013 Projeto Cuidando Delas: Conscientiza\u00e7\u00e3o a respeito da viol\u00eancia e do abuso sexual.<\/p>\n<p>J\u00e1 na Esta\u00e7\u00e3o Jur\u00eddica, entre os atendimentos previstos est\u00e3o: atendimento jur\u00eddico nas \u00e1reas c\u00edvel, trabalhista e previdenci\u00e1ria, ajuizamento de a\u00e7\u00f5es de div\u00f3rcio consensual, retifica\u00e7\u00e3o de registro civil, transa\u00e7\u00e3o de reconhecimento de paternidade, dissolu\u00e7\u00e3o de uni\u00e3o est\u00e1vel consensual com partilha de bens e alimentos, audi\u00eancias de concilia\u00e7\u00e3o, ajuizamento de a\u00e7\u00f5es trabalhistas, entre v\u00e1rios outros.<\/p>\n<p>Entre os parceiros da Jornada da Cidadania est\u00e3o o Vapt Vupt, que far\u00e1 a confec\u00e7\u00e3o de Carteira de Identidade, CPF, Passe Livre para Pessoa com Defici\u00eancia, Passaporte do Idoso e Sistema Nacional de Emprego (Sine); e o Instituto Nacional do Seguro Social (INSS).<\/p>\n<p>A Jornada vai contar com atividades dirigidas de forma\u00e7\u00e3o e assessoria, debates sobre direitos humanos e pol\u00edticas p\u00fablicas, feiras solid\u00e1rias de produtos diversificados e de alimenta\u00e7\u00e3o; minicursos, oficinas e visitas monitoradas aos museus e laborat\u00f3rios da PUC Goi\u00e1s. Na Esta\u00e7\u00e3o Beleza haver\u00e1 corte de cabelo, penteado e debates sobre a cultura e a diversidade est\u00e9tica da popula\u00e7\u00e3o brasileira. O Parque da Crian\u00e7a \u00e9 um espa\u00e7o destinado \u00e0s atividades culturais, recreativas e l\u00fadicas para crian\u00e7as e adolescentes que participam da Jornada da Cidadania.<\/p>\n<figure id=\"attachment_337282\" aria-describedby=\"caption-attachment-337282\" style=\"width: 1600px\" class=\"wp-caption aligncenter\"><picture><source data-lazy-srcset=\"https:\/\/diariodoestadogo.com.br\/wp-content\/webp-express\/webp-images\/uploads\/2024\/05\/puc.jpg.webp 1600w, https:\/\/diariodoestadogo.com.br\/wp-content\/webp-express\/webp-images\/uploads\/2024\/05\/puc-768x512.jpg.webp 768w, https:\/\/diariodoestadogo.com.br\/wp-content\/webp-express\/webp-images\/uploads\/2024\/05\/puc-1536x1023.jpg.webp 1536w, https:\/\/diariodoestadogo.com.br\/wp-content\/webp-express\/webp-images\/uploads\/2024\/05\/puc-150x100.jpg.webp 150w\" sizes=\"(max-width: 1600px) 100vw, 1600px\" type=\"image\/webp\"><img loading=\"lazy\" decoding=\"async\" class=\"size-full wp-image-337282 webpexpress-processed\" src=\"https:\/\/diariodoestadogo.com.br\/wp-content\/uploads\/2024\/05\/puc.jpg\" alt=\"\" width=\"1600\" height=\"1066\" srcset=\"https:\/\/diariodoestadogo.com.br\/wp-content\/uploads\/2024\/05\/puc.jpg 1600w, https:\/\/diariodoestadogo.com.br\/wp-content\/uploads\/2024\/05\/puc-768x512.jpg 768w, https:\/\/diariodoestadogo.com.br\/wp-content\/uploads\/2024\/05\/puc-1536x1023.jpg 1536w, https:\/\/diariodoestadogo.com.br\/wp-content\/uploads\/2024\/05\/puc-150x100.jpg 150w\" sizes=\"auto, (max-width: 1600px) 100vw, 1600px\"\/><\/source><\/picture><figcaption id=\"caption-attachment-337282\" class=\"wp-caption-text\">(Foto: Divulga\u00e7\u00e3o\/PUCGO)<\/figcaption><\/figure>\n<p>SERVI\u00c7OS<\/p>\n<p><strong>Esta\u00e7\u00e3o Sa\u00fade<br \/><\/strong>A\u00e7\u00f5es e servi\u00e7os nas \u00e1reas de nutri\u00e7\u00e3o, fonoaudiologia, fisioterapia, psicologia, biomedicina, farm\u00e1cia, odontologia e medicina. Entre os servi\u00e7os oferecidos est\u00e3o: curso para gestantes, aferi\u00e7\u00e3o de press\u00e3o arterial e de glicemia, atendimentos psicoter\u00e1picos de emerg\u00eancia, promo\u00e7\u00e3o da sa\u00fade em diabetes, sa\u00fade auditiva, c\u00e2ncer de mama, pr\u00f3stata e trato gastrointestinal, dosagem de glicemia capitar e exame de preven\u00e7\u00e3o de c\u00e2ncer bucal, entre outros.<\/p>\n<p><strong>Esta\u00e7\u00e3o Empreendedorismo e Neg\u00f3cios<\/strong><br \/>Orienta\u00e7\u00f5es mercadol\u00f3gicas, esclarecimentos de d\u00favidas na \u00e1rea organizacional, palestras e outras atividades.<\/p>\n<p><strong>Esta\u00e7\u00e3o Cerrado<\/strong><br \/>Programa\u00e7\u00e3o cultural (dan\u00e7as, rodas de capoeira, exposi\u00e7\u00f5es fotogr\u00e1ficas e de artesanato), palestras, rodas de conversa e feira de artesanato dos povos ind\u00edgenas e quilombolas.<\/p>\n<p><strong>Esta\u00e7\u00e3o Jur\u00eddica<\/strong><br \/>Atendimento jur\u00eddico nas \u00e1reas c\u00edvel, trabalhista e previdenci\u00e1ria, ajuizamento de a\u00e7\u00f5es de div\u00f3rcio consensual, retifica\u00e7\u00e3o de registro civil, transa\u00e7\u00e3o de reconhecimento de paternidade, dissolu\u00e7\u00e3o de uni\u00e3o est\u00e1vel consensual com partilha de bens e alimentos, audi\u00eancias de concilia\u00e7\u00e3o, ajuizamento de a\u00e7\u00f5es trabalhistas, entre v\u00e1rios outros.<\/p>\n<p><strong>Esta\u00e7\u00e3o das Profiss\u00f5es<\/strong><br \/>Esclarecimento de d\u00favidas sobre cursos de gradua\u00e7\u00e3o da PUC Goi\u00e1s, visita\u00e7\u00e3o guiada a diferentes espa\u00e7os da jornada; oferta, cadastro e encaminhamento para vagas de est\u00e1gio e emprego, orienta\u00e7\u00e3o quanto ao planejamento de carreiras, entre outros.<\/p>\n<p><strong>Esta\u00e7\u00e3o Sa\u00fade<\/strong><br \/>Cortes de cabelo feminino e masculino, penteados, tran\u00e7as e escovas.<\/p>\n<p><strong>Esta\u00e7\u00e3o Sa\u00fade Animal<\/strong><br \/>Doa\u00e7\u00e3o respons\u00e1vel e vacina\u00e7\u00e3o de pets<\/p>\n<p><strong>Parque da Crian\u00e7a<\/strong><br \/>Brinquedos, oficinas e apresenta\u00e7\u00f5es circenses; pontinho da sa\u00fade com servi\u00e7os de avalia\u00e7\u00e3o nutricional, fisioterapia preventiva, conscientiza\u00e7\u00e3o contra a dengue e escova\u00e7\u00e3o supervisionada em crian\u00e7as.<\/p>\n<p><strong>Servi\u00e7os com parceiros<\/strong><br \/>Vapt Vupt, INSS, Pol\u00edcia Militar, Corpo de Bombeiros, SMM e Sicoob, entre outros<\/p>\n<\/p><\/div>\n\n","protected":false},"excerpt":{"rendered":"<p>\u00daltima atualiza\u00e7\u00e3o 23\/05\/2024 | 12:47 Come\u00e7ou nesta quinta-feira, 23, a s\u00e9tima edi\u00e7\u00e3o da Jornada da Cidadania da Pontif\u00edcia Universidade Cat\u00f3lica de Goi\u00e1s. O evento, realizado no Centro de Conven\u00e7\u00f5es da&hellip;<\/p>\n","protected":false},"author":1,"featured_media":324326,"comment_status":"","ping_status":"open","sticky":false,"template":"","format":"standard","meta":{"footnotes":""},"categories":[40,41,42],"tags":[],"class_list":["post-324325","post","type-post","status-publish","format-standard","has-post-thumbnail","hentry","category-educacao","category-lazer","category-ultimas"],"_links":{"self":[{"href":"https:\/\/blogfolhadocomercio.com.br\/wp\/wp-json\/wp\/v2\/posts\/324325","targetHints":{"allow":["GET"]}}],"collection":[{"href":"https:\/\/blogfolhadocomercio.com.br\/wp\/wp-json\/wp\/v2\/posts"}],"about":[{"href":"https:\/\/blogfolhadocomercio.com.br\/wp\/wp-json\/wp\/v2\/types\/post"}],"author":[{"embeddable":true,"href":"https:\/\/blogfolhadocomercio.com.br\/wp\/wp-json\/wp\/v2\/users\/1"}],"replies":[{"embeddable":true,"href":"https:\/\/blogfolhadocomercio.com.br\/wp\/wp-json\/wp\/v2\/comments?post=324325"}],"version-history":[{"count":0,"href":"https:\/\/blogfolhadocomercio.com.br\/wp\/wp-json\/wp\/v2\/posts\/324325\/revisions"}],"wp:featuredmedia":[{"embeddable":true,"href":"https:\/\/blogfolhadocomercio.com.br\/wp\/wp-json\/wp\/v2\/media\/324326"}],"wp:attachment":[{"href":"https:\/\/blogfolhadocomercio.com.br\/wp\/wp-json\/wp\/v2\/media?parent=324325"}],"wp:term":[{"taxonomy":"category","embeddable":true,"href":"https:\/\/blogfolhadocomercio.com.br\/wp\/wp-json\/wp\/v2\/categories?post=324325"},{"taxonomy":"post_tag","embeddable":true,"href":"https:\/\/blogfolhadocomercio.com.br\/wp\/wp-json\/wp\/v2\/tags?post=324325"}],"curies":[{"name":"wp","href":"https:\/\/api.w.org\/{rel}","templated":true}]}}