{"id":323675,"date":"2024-04-02T16:49:05","date_gmt":"2024-04-02T16:49:05","guid":{"rendered":"https:\/\/blogfolhadocomercio.com.br\/?p=323675"},"modified":"2024-04-02T16:49:12","modified_gmt":"2024-04-02T16:49:12","slug":"oito-atletas-do-taekwondo-de-catalao-conquistam-indices-para-o-panamericano-e-open-rio-internacional","status":"publish","type":"post","link":"https:\/\/blogfolhadocomercio.com.br\/wp\/2024\/04\/02\/oito-atletas-do-taekwondo-de-catalao-conquistam-indices-para-o-panamericano-e-open-rio-internacional\/","title":{"rendered":"Oito atletas do Taekwondo de Catal\u00e3o conquistam \u00edndices para o Panamericano e Open Rio Internacional"},"content":{"rendered":"\n<p><strong>Com o apoio da Prefeitura de Catal\u00e3o eles competiram no Rio de Janeiro, conquistaram medalhas e garantiram vagas para outras duas competi\u00e7\u00f5es internacionais.<\/strong>  <\/p>\n\n\n\n<p>Os atletas de taekwondo que representaram Catal\u00e3o, m\u00eas passado (de 6 a 10 de mar\u00e7o), no Grand Slam 2024, no Rio de Janeiro, estiveram nesta segunda(1\u00ba de abril) no gabinete do prefeito Adib Elias.<\/p>\n\n\n\n<p>Liderados pelo professor Aparecido Cardoso, eles foram agradecer o apoio dado pela Secretaria Municipal de Esportes. A ajuda financeira possibilitou a participa\u00e7\u00e3o do grupo na competi\u00e7\u00e3o que reuniu na capital carioca atletas de taekwondo de v\u00e1rios pa\u00edses.<\/p>\n\n\n\n<p>O Grand Slam 2024 foi organizado pela Confedera\u00e7\u00e3o Brasileira de Taekwondo (CBTKD). A competi\u00e7\u00e3o traz a oportunidade dos atletas demonstrarem suas habilidades e conquistar posi\u00e7\u00f5es de destaque no cen\u00e1rio nacional. O Grand Slam de Taekwondo serve de seletiva para compor o quadro de atletas da Sele\u00e7\u00e3o Brasileira da modalidade.<\/p>\n\n\n\n<p>Confira os nomes dos atletas que representaram Catal\u00e3o e que conquistaram \u00edndices para competir no Pan Americano, no M\u00e9xico, integrando a Sele\u00e7\u00e3o Brasileira e, tamb\u00e9m para o Open Rio 2024, outro evento internacional.<\/p>\n\n\n\n<p>Panamericano<br>Gustavo Mosca<br>Maria Fernanda Oliveira<br>Lunna Ferreira<\/p>\n\n\n\n<p>Open Rio Internacional<br>Gabriel Mosca<br>Karlos Eduardo Monteiro<br>Matheus Fellipe Dias<br>Victor Rios<br>Jo\u00e3o Vittor Ant\u00f4nio<\/p>\n\n\n\n<p>\u201cNosso prop\u00f3sito, meu e do secret\u00e1rio de esportes, Giovane Cortopassi, \u00e9 oferecer condi\u00e7\u00f5es para que a pr\u00e1tica esportiva chegue ao maior n\u00famero de pessoas poss\u00edvel, contribuindo para a sa\u00fade e bem-estar dos moradores. Nossos parab\u00e9ns \u00e0 equipe do Prof. Aparecido Cardoso por representar t\u00e3o bem Catal\u00e3o nesta importante competi\u00e7\u00e3o l\u00e1 no Rio de Janeiro\u201d, disse o prefeito de Catal\u00e3o, Adib Elias.<\/p>\n\n\n\n<p>SECOM | Prefeitura de Catal\u00e3o<br>Cidade que sonha e faz<\/p>\n","protected":false},"excerpt":{"rendered":"<p>Com o apoio da Prefeitura de Catal\u00e3o eles competiram no Rio de Janeiro, conquistaram medalhas e garantiram vagas para outras duas competi\u00e7\u00f5es internacionais. Os atletas de taekwondo que representaram Catal\u00e3o,&hellip;<\/p>\n","protected":false},"author":1,"featured_media":323676,"comment_status":"closed","ping_status":"open","sticky":false,"template":"","format":"standard","meta":{"footnotes":""},"categories":[36,42],"tags":[],"class_list":["post-323675","post","type-post","status-publish","format-standard","has-post-thumbnail","hentry","category-esporte","category-ultimas"],"_links":{"self":[{"href":"https:\/\/blogfolhadocomercio.com.br\/wp\/wp-json\/wp\/v2\/posts\/323675","targetHints":{"allow":["GET"]}}],"collection":[{"href":"https:\/\/blogfolhadocomercio.com.br\/wp\/wp-json\/wp\/v2\/posts"}],"about":[{"href":"https:\/\/blogfolhadocomercio.com.br\/wp\/wp-json\/wp\/v2\/types\/post"}],"author":[{"embeddable":true,"href":"https:\/\/blogfolhadocomercio.com.br\/wp\/wp-json\/wp\/v2\/users\/1"}],"replies":[{"embeddable":true,"href":"https:\/\/blogfolhadocomercio.com.br\/wp\/wp-json\/wp\/v2\/comments?post=323675"}],"version-history":[{"count":1,"href":"https:\/\/blogfolhadocomercio.com.br\/wp\/wp-json\/wp\/v2\/posts\/323675\/revisions"}],"predecessor-version":[{"id":323677,"href":"https:\/\/blogfolhadocomercio.com.br\/wp\/wp-json\/wp\/v2\/posts\/323675\/revisions\/323677"}],"wp:featuredmedia":[{"embeddable":true,"href":"https:\/\/blogfolhadocomercio.com.br\/wp\/wp-json\/wp\/v2\/media\/323676"}],"wp:attachment":[{"href":"https:\/\/blogfolhadocomercio.com.br\/wp\/wp-json\/wp\/v2\/media?parent=323675"}],"wp:term":[{"taxonomy":"category","embeddable":true,"href":"https:\/\/blogfolhadocomercio.com.br\/wp\/wp-json\/wp\/v2\/categories?post=323675"},{"taxonomy":"post_tag","embeddable":true,"href":"https:\/\/blogfolhadocomercio.com.br\/wp\/wp-json\/wp\/v2\/tags?post=323675"}],"curies":[{"name":"wp","href":"https:\/\/api.w.org\/{rel}","templated":true}]}}