{"id":323518,"date":"2024-03-23T19:58:18","date_gmt":"2024-03-23T19:58:18","guid":{"rendered":"https:\/\/blogfolhadocomercio.com.br\/2024\/03\/23\/imunizacao-goias-comeca-a-vacinar-contra-a-influenza\/"},"modified":"2024-03-23T19:58:18","modified_gmt":"2024-03-23T19:58:18","slug":"imunizacao-goias-comeca-a-vacinar-contra-a-influenza","status":"publish","type":"post","link":"https:\/\/blogfolhadocomercio.com.br\/wp\/2024\/03\/23\/imunizacao-goias-comeca-a-vacinar-contra-a-influenza\/","title":{"rendered":"#imuniza\u00e7\u00e3o | Goi\u00e1s come\u00e7a a vacinar contra a Influenza"},"content":{"rendered":"<p> <br \/>\n<\/p>\n<div>\n\t\t\t\t\t <!-- .share-post --><\/p>\n<figure class=\"wp-block-image size-full\"><\/figure>\n<p>O Governo de Goi\u00e1s lan\u00e7ou, na manh\u00e3 desta sexta-feira (22\/03), a Campanha de Vacina\u00e7\u00e3o contra a Influenza, antecipada em um m\u00eas em raz\u00e3o do aumento da circula\u00e7\u00e3o de v\u00edrus respirat\u00f3rios no pa\u00eds e a ocorr\u00eancia, em Goi\u00e1s, de 17 casos confirmados e tr\u00eas mortes pela doen\u00e7a.<\/p>\n<p>Para a efetiva\u00e7\u00e3o da campanha, nesta semana, a Secretaria de Estado da Sa\u00fade (SES) come\u00e7ou a distribuir aos munic\u00edpios as doses da primeira remessa do imunizante enviada pelo Minist\u00e9rio da Sa\u00fade, com 240 mil unidades.<\/p>\n<p><strong>Em Goi\u00e1s, s\u00e3o mais de 900 salas de vacina\u00e7\u00e3o dispon\u00edveis para popula\u00e7\u00e3o.<\/strong><\/p>\n<blockquote class=\"wp-block-quote\">\n<p>\u201cO objetivo da antecipa\u00e7\u00e3o \u00e9 proteger a popula\u00e7\u00e3o, especialmente os mais vulner\u00e1veis, e evitar o aumento de casos e \u00f3bitos\u201d, afirmou o secret\u00e1rio da SES, Ras\u00edvel Santos, durante a abertura da campanha, em Senador Canedo.<\/p>\n<\/blockquote>\n<p>O secret\u00e1rio pede ainda que todos, al\u00e9m de procurarem a vacina, fiquem atentos aos sintomas, como febre e tosse, buscando rapidamente a assist\u00eancia m\u00e9dica adequada.<\/p>\n<p>A secretaria tamb\u00e9m tem orientado os munic\u00edpios a criarem e fortalecerem estrat\u00e9gias para ampliar a cobertura. Entre as a\u00e7\u00f5es que podem ser adotadas, est\u00e3o a realiza\u00e7\u00e3o do Dia D de vacina\u00e7\u00e3o, busca ativa de n\u00e3o vacinados, vacina\u00e7\u00e3o para al\u00e9m das unidades de sa\u00fade, a exemplo das escolas e \u00e1reas ind\u00edgenas, e a verifica\u00e7\u00e3o da caderneta de vacina\u00e7\u00e3o.<\/p>\n<p><strong>A campanha protege toda a popula\u00e7\u00e3o, especialmente o p\u00fablico mais vulner\u00e1vel, como os idosos e as gestantes.<\/strong><\/p>\n<h2 class=\"wp-block-heading\">VACINA\u00c7\u00c3O CONTRA A INFLUENZA<\/h2>\n<p>A vacina apresenta tr\u00eas tipos de cepas de v\u00edrus em combina\u00e7\u00e3o, protegendo contra os principais v\u00edrus em circula\u00e7\u00e3o no Brasil. E pode ser administrada na mesma ocasi\u00e3o de outros imunizantes do Calend\u00e1rio Nacional de Vacina\u00e7\u00e3o.<\/p>\n<p>A biom\u00e9dica Gleice Zanquetin Moreira, 38 anos, est\u00e1 gestante e foi a primeira pessoa a ser vacinada pelo secret\u00e1rio Ras\u00edvel Santos.<\/p>\n<blockquote class=\"wp-block-quote\">\n<p>\u201cEu estou representando as gestantes e fa\u00e7o um apelo a todas as gestantes: venham se vacinar! Eu tamb\u00e9m estou aqui gestando outra vida e a agora estou protegida e meu beb\u00ea tamb\u00e9m. Eu venho convidar a todos para participarem da imuniza\u00e7\u00e3o\u201d, conclamou a biom\u00e9dica.<\/p>\n<\/blockquote><\/div>\n<p><script>\n\twindow.___gcfg = {lang: 'en-US'};\n\t(function(w, d, s) {\n\t\tfunction go(){\n\t\tvar js, fjs = d.getElementsByTagName(s)[0], load = function(url, id) {\n\t\t\tif (d.getElementById(id)) {return;}\n\t\t\tjs = d.createElement(s); js.src = url; js.id = id;\n\t\t\tfjs.parentNode.insertBefore(js, fjs);\n\t\t};\n\t\tload('\/\/connect.facebook.net\/en\/all.js#xfbml=1', 'fbjssdk' );\n\t\tload('\/\/platform.twitter.com\/widgets.js', \t\t\t 'tweetjs' );\n\t\t}\n\t\tif (w.addEventListener) { w.addEventListener(\"load\", go, false); }\n\t\telse if (w.attachEvent) { w.attachEvent(\"onload\",go); }\n\t}(window, document, 'script'));\n\t<\/script><script>\n\twindow.___gcfg = {lang: 'en-US'};\n\t(function(w, d, s) {\n\t\tfunction go(){\n\t\tvar js, fjs = d.getElementsByTagName(s)[0], load = function(url, id) {\n\t\t\tif (d.getElementById(id)) {return;}\n\t\t\tjs = d.createElement(s); js.src = url; js.id = id;\n\t\t\tfjs.parentNode.insertBefore(js, fjs);\n\t\t};\n\t\tload('\/\/connect.facebook.net\/en\/all.js#xfbml=1', 'fbjssdk' );\n\t\tload('\/\/platform.twitter.com\/widgets.js', \t\t\t 'tweetjs' );\n\t\t}\n\t\tif (w.addEventListener) { w.addEventListener(\"load\", go, false); }\n\t\telse if (w.attachEvent) { w.attachEvent(\"onload\",go); }\n\t}(window, document, 'script'));\n\t<\/script><br \/>\n<br \/><\/p>\n","protected":false},"excerpt":{"rendered":"<p>O Governo de Goi\u00e1s lan\u00e7ou, na manh\u00e3 desta sexta-feira (22\/03), a Campanha de Vacina\u00e7\u00e3o contra a Influenza, antecipada em um m\u00eas em raz\u00e3o do aumento da circula\u00e7\u00e3o de v\u00edrus respirat\u00f3rios&hellip;<\/p>\n","protected":false},"author":1,"featured_media":323519,"comment_status":"","ping_status":"open","sticky":false,"template":"","format":"standard","meta":{"footnotes":""},"categories":[34,42],"tags":[],"class_list":["post-323518","post","type-post","status-publish","format-standard","has-post-thumbnail","hentry","category-brasil","category-ultimas"],"_links":{"self":[{"href":"https:\/\/blogfolhadocomercio.com.br\/wp\/wp-json\/wp\/v2\/posts\/323518","targetHints":{"allow":["GET"]}}],"collection":[{"href":"https:\/\/blogfolhadocomercio.com.br\/wp\/wp-json\/wp\/v2\/posts"}],"about":[{"href":"https:\/\/blogfolhadocomercio.com.br\/wp\/wp-json\/wp\/v2\/types\/post"}],"author":[{"embeddable":true,"href":"https:\/\/blogfolhadocomercio.com.br\/wp\/wp-json\/wp\/v2\/users\/1"}],"replies":[{"embeddable":true,"href":"https:\/\/blogfolhadocomercio.com.br\/wp\/wp-json\/wp\/v2\/comments?post=323518"}],"version-history":[{"count":0,"href":"https:\/\/blogfolhadocomercio.com.br\/wp\/wp-json\/wp\/v2\/posts\/323518\/revisions"}],"wp:featuredmedia":[{"embeddable":true,"href":"https:\/\/blogfolhadocomercio.com.br\/wp\/wp-json\/wp\/v2\/media\/323519"}],"wp:attachment":[{"href":"https:\/\/blogfolhadocomercio.com.br\/wp\/wp-json\/wp\/v2\/media?parent=323518"}],"wp:term":[{"taxonomy":"category","embeddable":true,"href":"https:\/\/blogfolhadocomercio.com.br\/wp\/wp-json\/wp\/v2\/categories?post=323518"},{"taxonomy":"post_tag","embeddable":true,"href":"https:\/\/blogfolhadocomercio.com.br\/wp\/wp-json\/wp\/v2\/tags?post=323518"}],"curies":[{"name":"wp","href":"https:\/\/api.w.org\/{rel}","templated":true}]}}