{"id":323249,"date":"2024-03-22T07:24:46","date_gmt":"2024-03-22T07:24:46","guid":{"rendered":"https:\/\/blogfolhadocomercio.com.br\/wp\/2024\/03\/22\/paises-da-uniao-europeia-pedem-pausa-humanitaria-imediata-em-gaza-mundo-cartacapital\/"},"modified":"2024-03-22T07:24:46","modified_gmt":"2024-03-22T07:24:46","slug":"paises-da-uniao-europeia-pedem-pausa-humanitaria-imediata-em-gaza-mundo-cartacapital","status":"publish","type":"post","link":"https:\/\/blogfolhadocomercio.com.br\/wp\/2024\/03\/22\/paises-da-uniao-europeia-pedem-pausa-humanitaria-imediata-em-gaza-mundo-cartacapital\/","title":{"rendered":"Pa\u00edses da Uni\u00e3o Europeia pedem \u2018pausa humanit\u00e1ria imediata\u2019 em Gaza \u2013 Mundo \u2013 CartaCapital"},"content":{"rendered":"<p> <br \/>\n<\/p>\n<div id=\"\">\n\t\t<amp-img width=\"420\" height=\"280\" src=\"https:\/\/www.cartacapital.com.br\/wp-content\/uploads\/2024\/03\/000_34LF2P6-420x280.jpg\" class=\"attachment-banner-destaque-mobile size-banner-destaque-mobile amp-wp-enforced-sizes i-amphtml-layout-intrinsic i-amphtml-layout-size-defined\" alt=\"\" srcset=\"https:\/\/www.cartacapital.com.br\/wp-content\/uploads\/2024\/03\/000_34LF2P6-420x280.jpg 420w, https:\/\/www.cartacapital.com.br\/wp-content\/uploads\/2024\/03\/000_34LF2P6-300x200.jpg 300w, https:\/\/www.cartacapital.com.br\/wp-content\/uploads\/2024\/03\/000_34LF2P6-768x512.jpg 768w, https:\/\/www.cartacapital.com.br\/wp-content\/uploads\/2024\/03\/000_34LF2P6.jpg 1024w, https:\/\/www.cartacapital.com.br\/wp-content\/uploads\/2024\/03\/000_34LF2P6-1013x675.jpg 1013w, https:\/\/www.cartacapital.com.br\/wp-content\/uploads\/2024\/03\/000_34LF2P6-128x86.jpg 128w, https:\/\/www.cartacapital.com.br\/wp-content\/uploads\/2024\/03\/000_34LF2P6-150x100.jpg 150w\" layout=\"intrinsic\" i-amphtml-layout=\"intrinsic\"><i-amphtml-sizer class=\"i-amphtml-sizer\"><\/i-amphtml-sizer><img loading=\"lazy\" decoding=\"async\" width=\"420\" height=\"280\" src=\"https:\/\/www.cartacapital.com.br\/wp-content\/uploads\/2024\/03\/000_34LF2P6-420x280.jpg\" class=\"attachment-banner-destaque-mobile size-banner-destaque-mobile\" alt=\"\" srcset=\"https:\/\/www.cartacapital.com.br\/wp-content\/uploads\/2024\/03\/000_34LF2P6-420x280.jpg 420w, https:\/\/www.cartacapital.com.br\/wp-content\/uploads\/2024\/03\/000_34LF2P6-300x200.jpg 300w, https:\/\/www.cartacapital.com.br\/wp-content\/uploads\/2024\/03\/000_34LF2P6-768x512.jpg 768w, https:\/\/www.cartacapital.com.br\/wp-content\/uploads\/2024\/03\/000_34LF2P6.jpg 1024w, https:\/\/www.cartacapital.com.br\/wp-content\/uploads\/2024\/03\/000_34LF2P6-1013x675.jpg 1013w, https:\/\/www.cartacapital.com.br\/wp-content\/uploads\/2024\/03\/000_34LF2P6-128x86.jpg 128w, https:\/\/www.cartacapital.com.br\/wp-content\/uploads\/2024\/03\/000_34LF2P6-150x100.jpg 150w\" sizes=\"auto, (max-width: 420px) 100vw, 420px\"\/><\/amp-img>\t\t\t\t\t<\/p>\n<p class=\"wp-caption-text\">\n\t\t\t\tUni\u00e3o Europeia.<\/p>\n<p>Foto: FREDERICK FLORIN \/ AFP\t\t\t<\/p>\n<\/p><\/div>\n<div data-url-canonical-nonamp=\"https:\/\/www.cartacapital.com.br\/mundo\/paises-da-uniao-europeia-pedem-pausa-humanitaria-imediata-em-gaza\/\">\n<p>\t\t<amp-iframe sandbox=\"allow-scripts allow-same-origin allow-popups\" width=\"350\" height=\"100\" layout=\"responsive\" frameborder=\"0\" scrolling=\"no\" src=\"https:\/\/readme.ai\/playeramp\/?cliente=cartacapital&amp;canonicalUrl=https:\/\/www.cartacapital.com.br\/mundo\/paises-da-uniao-europeia-pedem-pausa-humanitaria-imediata-em-gaza\/\" data-amp-original-style=\"width: 100%; max-height:100px; margin:auto\" class=\"amp-wp-24e0226 i-amphtml-layout-responsive i-amphtml-layout-size-defined\" i-amphtml-layout=\"responsive\"><i-amphtml-sizer style=\"display:block;padding-top:28.5714%;\"\/><br \/>\n\t\t\t\t\t\t<amp-img layout=\"fill\" src=\"https:\/\/readme.ai\/static\/img\/340x150.png\" placeholder=\"\" class=\"i-amphtml-layout-fill i-amphtml-layout-size-defined\" i-amphtml-layout=\"fill\"\/><br \/>\n\t\t\t\t\t<\/amp-iframe><\/p>\n<div class=\"paywall_open\">\n<p>Os pa\u00edses da Uni\u00e3o Europeia defenderam, nesta quinta-feira 21, uma \u201cpausa humanit\u00e1ria imediata\u201d na guerra entre <a href=\"https:\/\/www.cartacapital.com.br\/tag\/israel\/\">Israel<\/a> e o <a href=\"https:\/\/www.cartacapital.com.br\/tag\/hamas\/\">Hamas<\/a> em Gaza e expressaram estar \u201chorrorizados\u201d com a situa\u00e7\u00e3o humanit\u00e1ria no territ\u00f3rio palestino.<\/p>\n<p>Ao final do primeiro dia de uma c\u00fapula em Bruxelas, os l\u00edderes do bloco tamb\u00e9m instaram Israel a \u201cn\u00e3o realizar uma opera\u00e7\u00e3o terrestre contra Rafah\u201d, no extremo sul de Gaza, onde 1,5 milh\u00e3o de palestinos, em sua maioria deslocados pela guerra, est\u00e3o amontoados.<\/p>\n<p><amp-ad width=\"300\" height=\"1\" noloading=\"\" type=\"teads\" data-pid=\"68207\" layout=\"responsive\" class=\"i-amphtml-layout-responsive i-amphtml-layout-size-defined\" i-amphtml-layout=\"responsive\"><i-amphtml-sizer style=\"display:block;padding-top:0.3333%;\"\/>  <\/amp-ad><\/p>\n<p>Segundo os pa\u00edses da UE, uma opera\u00e7\u00e3o militar em Rafah \u201cpoderia piorar a j\u00e1 catastr\u00f3fica situa\u00e7\u00e3o humanit\u00e1ria e impedir a provis\u00e3o urgente de servi\u00e7os b\u00e1sicos e assist\u00eancia humanit\u00e1ria\u201d.<\/p>\n<p><amp-iframe class=\"amp-newsletter i-amphtml-layout-responsive i-amphtml-layout-size-defined\" width=\"350\" title=\"Newsletter\" height=\"250\" layout=\"responsive\" sandbox=\"allow-scripts allow-same-origin allow-modals allow-forms\" frameborder=\"0\" src=\"https:\/\/cartacapital.com.br\/wp-content\/themes\/readanddigest-child\/amp\/amp-newsletter.php\" i-amphtml-layout=\"responsive\"><i-amphtml-sizer style=\"display:block;padding-top:71.4286%;\"\/><\/amp-iframe><\/p>\n<p>Os l\u00edderes expressaram sua preocupa\u00e7\u00e3o \u201ccom a situa\u00e7\u00e3o humanit\u00e1ria catastr\u00f3fica em Gaza e o efeito desproporcional sobre civis, especialmente crian\u00e7as, bem como o risco iminente de fome\u201d.<\/p>\n<p>Nesse contexto, pediram a ado\u00e7\u00e3o de \u201cmedidas imediatas\u201d para evitar mais deslocamentos e \u201cfornecer prote\u00e7\u00e3o segura \u00e0 popula\u00e7\u00e3o\u201d.<\/p>\n<p>\u201cTodas as partes devem respeitar o direito internacional, incluindo a normativa internacional humanit\u00e1ria e sobre direitos humanos\u201d, afirmaram os pa\u00edses do bloco europeu.<\/p>\n<p> <amp-fx-flying-carpet height=\"300px\" id=\"par06\" class=\"i-amphtml-layout-fixed-height i-amphtml-layout-size-defined\" style=\"height:300px;\" i-amphtml-layout=\"fixed-height\"> <amp-ad width=\"300\" height=\"600\" layout=\"fixed\" data-enable-refresh=\"30\" data-loading-strategy=\"2\" type=\"doubleclick\" data-slot=\"\/14147850\/cartacapital-AMP\/amp_interna_p06_fcarpet\" class=\"i-amphtml-layout-fixed i-amphtml-layout-size-defined\" style=\"width:300px;height:600px;\" i-amphtml-layout=\"fixed\"> <\/amp-ad> <\/amp-fx-flying-carpet><\/div>\n<\/p><\/div>\n<div id=\"\">\n<h2>Um minuto, por favor\u2026<\/h2>\n<p>O bolsonarismo <b>perdeu a batalha das urnas, <i>mas n\u00e3o est\u00e1 morto<\/i><\/b>.<\/p>\n<p>Diante de um pa\u00eds t\u00e3o dividido e arrasado, \u00e9 preciso centrar esfor\u00e7os em uma reconstru\u00e7\u00e3o.<\/p>\n<p>Seu apoio, leitor, ser\u00e1 ainda mais <b><i>fundamental<\/i><\/b>.<\/p>\n<p>Se voc\u00ea valoriza o bom jornalismo, ajude <b>CartaCapital<\/b> a seguir lutando por <b><u>um novo Brasil.<\/u><\/b><\/p>\n<p>Assine a <b><i>edi\u00e7\u00e3o semanal<\/i><\/b> da revista;<\/p>\n<p>Ou <b><i>contribua<\/i><\/b>, com o quanto puder.<\/p>\n<\/p><\/div>\n\n","protected":false},"excerpt":{"rendered":"<p>Uni\u00e3o Europeia. Foto: FREDERICK FLORIN \/ AFP Os pa\u00edses da Uni\u00e3o Europeia defenderam, nesta quinta-feira 21, uma \u201cpausa humanit\u00e1ria imediata\u201d na guerra entre Israel e o Hamas em Gaza e&hellip;<\/p>\n","protected":false},"author":1,"featured_media":323250,"comment_status":"open","ping_status":"open","sticky":false,"template":"","format":"standard","meta":{"footnotes":""},"categories":[34,42],"tags":[],"class_list":["post-323249","post","type-post","status-publish","format-standard","has-post-thumbnail","hentry","category-brasil","category-ultimas"],"_links":{"self":[{"href":"https:\/\/blogfolhadocomercio.com.br\/wp\/wp-json\/wp\/v2\/posts\/323249","targetHints":{"allow":["GET"]}}],"collection":[{"href":"https:\/\/blogfolhadocomercio.com.br\/wp\/wp-json\/wp\/v2\/posts"}],"about":[{"href":"https:\/\/blogfolhadocomercio.com.br\/wp\/wp-json\/wp\/v2\/types\/post"}],"author":[{"embeddable":true,"href":"https:\/\/blogfolhadocomercio.com.br\/wp\/wp-json\/wp\/v2\/users\/1"}],"replies":[{"embeddable":true,"href":"https:\/\/blogfolhadocomercio.com.br\/wp\/wp-json\/wp\/v2\/comments?post=323249"}],"version-history":[{"count":0,"href":"https:\/\/blogfolhadocomercio.com.br\/wp\/wp-json\/wp\/v2\/posts\/323249\/revisions"}],"wp:featuredmedia":[{"embeddable":true,"href":"https:\/\/blogfolhadocomercio.com.br\/wp\/wp-json\/wp\/v2\/media\/323250"}],"wp:attachment":[{"href":"https:\/\/blogfolhadocomercio.com.br\/wp\/wp-json\/wp\/v2\/media?parent=323249"}],"wp:term":[{"taxonomy":"category","embeddable":true,"href":"https:\/\/blogfolhadocomercio.com.br\/wp\/wp-json\/wp\/v2\/categories?post=323249"},{"taxonomy":"post_tag","embeddable":true,"href":"https:\/\/blogfolhadocomercio.com.br\/wp\/wp-json\/wp\/v2\/tags?post=323249"}],"curies":[{"name":"wp","href":"https:\/\/api.w.org\/{rel}","templated":true}]}}