{"id":323245,"date":"2024-03-21T20:29:42","date_gmt":"2024-03-21T20:29:42","guid":{"rendered":"https:\/\/blogfolhadocomercio.com.br\/wp\/2024\/03\/21\/machismo-e-claro-politica-cartacapital\/"},"modified":"2024-03-21T20:29:42","modified_gmt":"2024-03-21T20:29:42","slug":"machismo-e-claro-politica-cartacapital","status":"publish","type":"post","link":"https:\/\/blogfolhadocomercio.com.br\/wp\/2024\/03\/21\/machismo-e-claro-politica-cartacapital\/","title":{"rendered":"&#8216;Machismo \u00e9 claro&#8217; \u2013 Pol\u00edtica \u2013 CartaCapital"},"content":{"rendered":"<p> <br \/>\n<\/p>\n<div>\n<p><span data-amp-original-style=\"font-weight: 400;\" class=\"amp-wp-fe3f5cc\">A ministra da Sa\u00fade, <\/span><a href=\"https:\/\/www.cartacapital.com.br\/tag\/nisia-trindade\/\"><span data-amp-original-style=\"font-weight: 400;\" class=\"amp-wp-fe3f5cc\">N\u00edsia Trindade<\/span><\/a><span data-amp-original-style=\"font-weight: 400;\" class=\"amp-wp-fe3f5cc\">, comentou nesta quinta-feira 21, que a press\u00e3o de representantes do Congresso Nacional tem exercido sobre a sua gest\u00e3o tem motiva\u00e7\u00e3o \u201cevidente\u201d em quest\u00f5es de g\u00eanero.\u00a0<\/span><\/p>\n<p><span data-amp-original-style=\"font-weight: 400;\" class=\"amp-wp-fe3f5cc\">As declara\u00e7\u00f5es foram dadas durante entrevista concedida \u00e0 <\/span><i><span data-amp-original-style=\"font-weight: 400;\" class=\"amp-wp-fe3f5cc\">CNN Brasil<\/span><\/i><span data-amp-original-style=\"font-weight: 400;\" class=\"amp-wp-fe3f5cc\">.<\/span><\/p>\n<p><amp-ad width=\"300\" height=\"1\" noloading=\"\" type=\"teads\" data-pid=\"68207\" layout=\"responsive\" class=\"i-amphtml-layout-responsive i-amphtml-layout-size-defined\" i-amphtml-layout=\"responsive\"><i-amphtml-sizer style=\"display:block;padding-top:0.3333%;\"\/>  <\/amp-ad><\/p>\n<p><span data-amp-original-style=\"font-weight: 400;\" class=\"amp-wp-fe3f5cc\">\u201cCom certeza, a quest\u00e3o de g\u00eanero est\u00e1 muito mais do que evidenciada no meu caso.\u00a0<\/span><span data-amp-original-style=\"font-weight: 400;\" class=\"amp-wp-fe3f5cc\">N\u00e3o tenho a menor d\u00favida. Isso n\u00e3o diz respeito a pol\u00edticos de partido A ou B. Sou uma\u00a0<\/span><span data-amp-original-style=\"font-weight: 400;\" class=\"amp-wp-fe3f5cc\">pessoa sem filia\u00e7\u00e3o, apesar de estar em uma posi\u00e7\u00e3o de esquerda, mas vejo\u00a0<\/span><span data-amp-original-style=\"font-weight: 400;\" class=\"amp-wp-fe3f5cc\">claramente, em qualquer ambiente, que a manifesta\u00e7\u00e3o de <\/span><a href=\"https:\/\/www.cartacapital.com.br\/tag\/machismo\/\"><span data-amp-original-style=\"font-weight: 400;\" class=\"amp-wp-fe3f5cc\">machismo<\/span><\/a><span data-amp-original-style=\"font-weight: 400;\" class=\"amp-wp-fe3f5cc\"> existe. <strong>No caso do\u00a0<\/strong><\/span><strong>Minist\u00e9rio da Sa\u00fade, com o or\u00e7amento e capilaridade que tem, claro que isso \u00e9 mais\u00a0<\/strong><span data-amp-original-style=\"font-weight: 400;\" class=\"amp-wp-fe3f5cc\"><strong>acentuado<\/strong>\u201d, disse.\u00a0<\/span><\/p>\n<p><amp-iframe class=\"amp-newsletter i-amphtml-layout-responsive i-amphtml-layout-size-defined\" width=\"350\" title=\"Newsletter\" height=\"250\" layout=\"responsive\" sandbox=\"allow-scripts allow-same-origin allow-modals allow-forms\" frameborder=\"0\" src=\"https:\/\/cartacapital.com.br\/wp-content\/themes\/readanddigest-child\/amp\/amp-newsletter.php\" i-amphtml-layout=\"responsive\"><i-amphtml-sizer style=\"display:block;padding-top:71.4286%;\"\/><\/amp-iframe><\/p>\n<p><span data-amp-original-style=\"font-weight: 400;\" class=\"amp-wp-fe3f5cc\">Segundo N\u00edsia, as recentes cr\u00edticas motivadas pela demora na libera\u00e7\u00e3o de <\/span><a href=\"https:\/\/www.cartacapital.com.br\/tag\/emendas-parlamentares\/\"><span data-amp-original-style=\"font-weight: 400;\" class=\"amp-wp-fe3f5cc\">emendas parlamentares<\/span><\/a><span data-amp-original-style=\"font-weight: 400;\" class=\"amp-wp-fe3f5cc\"> fazem parte de um \u201cambiente de manifesta\u00e7\u00e3o de machismo\u201c.<\/span><\/p>\n<p><span data-amp-original-style=\"font-weight: 400;\" class=\"amp-wp-fe3f5cc\">\u201cAs emendas parlamentares s\u00e3o bem-vindas, estamos em um momento de divulgar todos os equipamentos do PAC Sa\u00fade e eu tenho buscado me reunir com l\u00edderes da nossa base do governo, j\u00e1 conversei com o presidente da Comiss\u00e3o de Sa\u00fade, e eu acho que esse \u00e9 o caminho: di\u00e1logo, mas com a estrat\u00e9gia de programa de governo. <strong>E, fogo, para mim, nunca \u00e9 amigo<\/strong>\u201d, afirmou<\/span><\/p>\n<p><span data-amp-original-style=\"font-weight: 400;\" class=\"amp-wp-fe3f5cc\">Na segunda-feira 18, N\u00edsia foi duramente questionada pelo presidente <\/span><a href=\"https:\/\/www.cartacapital.com.br\/tag\/lula\/\"><span data-amp-original-style=\"font-weight: 400;\" class=\"amp-wp-fe3f5cc\">Lula<\/span><\/a><span data-amp-original-style=\"font-weight: 400;\" class=\"amp-wp-fe3f5cc\"> (PT), durante reuni\u00e3o ministerial, a respeito da gest\u00e3o da crise na Sa\u00fade do <\/span><a href=\"https:\/\/www.cartacapital.com.br\/tag\/rio-de-janeiro\/\"><span data-amp-original-style=\"font-weight: 400;\" class=\"amp-wp-fe3f5cc\">Rio de Janeiro<\/span><\/a><span data-amp-original-style=\"font-weight: 400;\" class=\"amp-wp-fe3f5cc\"> e a divulga\u00e7\u00e3o de a\u00e7\u00f5es contra a epidemia de <\/span><a href=\"https:\/\/www.cartacapital.com.br\/tag\/dengue\/\"><span data-amp-original-style=\"font-weight: 400;\" class=\"amp-wp-fe3f5cc\">dengue<\/span><\/a><span data-amp-original-style=\"font-weight: 400;\" class=\"amp-wp-fe3f5cc\"> no Brasil.\u00a0<\/span><\/p>\n<p> <amp-fx-flying-carpet height=\"300px\" id=\"par06\" class=\"i-amphtml-layout-fixed-height i-amphtml-layout-size-defined\" style=\"height:300px;\" i-amphtml-layout=\"fixed-height\"> <amp-ad width=\"300\" height=\"600\" layout=\"fixed\" data-enable-refresh=\"30\" data-loading-strategy=\"2\" type=\"doubleclick\" data-slot=\"\/14147850\/cartacapital-AMP\/amp_interna_p06_fcarpet\" class=\"i-amphtml-layout-fixed i-amphtml-layout-size-defined\" style=\"width:300px;height:600px;\" i-amphtml-layout=\"fixed\"> <\/amp-ad> <\/amp-fx-flying-carpet><\/p>\n<p><span data-amp-original-style=\"font-weight: 400;\" class=\"amp-wp-fe3f5cc\">O epis\u00f3dio gerou novas especula\u00e7\u00f5es de que a ministra poderia perder o comando da pasta. Mas no dia seguinte, o ministro de Rela\u00e7\u00f5es Institucionais, <\/span><a href=\"https:\/\/www.cartacapital.com.br\/tag\/alexandre-padilha\/\"><span data-amp-original-style=\"font-weight: 400;\" class=\"amp-wp-fe3f5cc\">Alexandre Padilha<\/span><\/a><span data-amp-original-style=\"font-weight: 400;\" class=\"amp-wp-fe3f5cc\">, confirmou a perman\u00eancia de N\u00edsia no Minist\u00e9rio da Sa\u00fade.<\/span><\/p>\n<p><span data-amp-original-style=\"font-weight: 400;\" class=\"amp-wp-fe3f5cc\">A ministra, ent\u00e3o, reconheceu que houve falha no di\u00e1logo entre a pasta e os gestores dos hospitais federais do Rio de Janeiro, no ano passado.\u00a0<\/span><\/p>\n<p><span data-amp-original-style=\"font-weight: 400;\" class=\"amp-wp-fe3f5cc\">Apesar da press\u00e3o, N\u00edsia afirmou que tem a confian\u00e7a de Lula e que o minist\u00e9rio est\u00e1 \u201cintegrado com as a\u00e7\u00f5es de governo\u201d.<\/span><\/p>\n<p><span data-amp-original-style=\"font-weight: 400;\" class=\"amp-wp-fe3f5cc\">Ela disse ainda que um dos inc\u00f4modos externos \u00e9 que ela n\u00e3o reproduz um padr\u00e3o de \u201cautoridade agressiva\u201d.\u00a0<\/span><\/p>\n<p><span data-amp-original-style=\"font-weight: 400;\" class=\"amp-wp-fe3f5cc\">\u201cSem d\u00favida, eu acho que temos que repensar esses modelos de autoridade. O machismo \u00e9 claro e est\u00e1 claro na imprensa. Infelizmente, ficam discutindo se eu chorei ou n\u00e3o chorei [na reuni\u00e3o ministerial de segunda-feira (18)]. Aproveito para dizer que o <strong>presidente Lula jamais me mandou falar grosso<\/strong>. Seria uma grosseria da parte dele, que nunca cometeu\u201d, expressou.<\/span><\/p>\n<p><span data-amp-original-style=\"font-weight: 400;\" class=\"amp-wp-fe3f5cc\">Para exemplificar, a ministra citou o per\u00edodo em que presidiu a <\/span><a href=\"https:\/\/www.cartacapital.com.br\/tag\/fiocruz\/\"><span data-amp-original-style=\"font-weight: 400;\" class=\"amp-wp-fe3f5cc\">Fiocruz<\/span><\/a><span data-amp-original-style=\"font-weight: 400;\" class=\"amp-wp-fe3f5cc\">, durante a gest\u00e3o de <\/span><a href=\"https:\/\/www.cartacapital.com.br\/tag\/jair-bolsonaro\/\">Jair <span data-amp-original-style=\"font-weight: 400;\" class=\"amp-wp-fe3f5cc\">Bolsonaro<\/span> <\/a>(PL)<span data-amp-original-style=\"font-weight: 400;\" class=\"amp-wp-fe3f5cc\">.\u00a0<\/span><\/p>\n<p><span data-amp-original-style=\"font-weight: 400;\" class=\"amp-wp-fe3f5cc\">\u201cEu me considero uma lideran\u00e7a, n\u00e3o por uma avalia\u00e7\u00e3o minha, mas porque a pr\u00e1tica diz\u00a0<\/span><span data-amp-original-style=\"font-weight: 400;\" class=\"amp-wp-fe3f5cc\">isso. Ningu\u00e9m exerceria a presid\u00eancia da Fiocruz em condi\u00e7\u00f5es t\u00e3o adversas como as\u00a0<\/span><span data-amp-original-style=\"font-weight: 400;\" class=\"amp-wp-fe3f5cc\">que tive, sem capacidade de lideran\u00e7a pol\u00edtica e t\u00e9cnica. Temos que repensar esses\u00a0<\/span><span data-amp-original-style=\"font-weight: 400;\" class=\"amp-wp-fe3f5cc\">modelos de autoridade\u201d, afirmou a ministra.<\/span><\/p>\n<\/div>\n\n","protected":false},"excerpt":{"rendered":"<p>A ministra da Sa\u00fade, N\u00edsia Trindade, comentou nesta quinta-feira 21, que a press\u00e3o de representantes do Congresso Nacional tem exercido sobre a sua gest\u00e3o tem motiva\u00e7\u00e3o \u201cevidente\u201d em quest\u00f5es de&hellip;<\/p>\n","protected":false},"author":1,"featured_media":323246,"comment_status":"open","ping_status":"open","sticky":false,"template":"","format":"standard","meta":{"footnotes":""},"categories":[34,35,42],"tags":[],"class_list":["post-323245","post","type-post","status-publish","format-standard","has-post-thumbnail","hentry","category-brasil","category-politica","category-ultimas"],"_links":{"self":[{"href":"https:\/\/blogfolhadocomercio.com.br\/wp\/wp-json\/wp\/v2\/posts\/323245","targetHints":{"allow":["GET"]}}],"collection":[{"href":"https:\/\/blogfolhadocomercio.com.br\/wp\/wp-json\/wp\/v2\/posts"}],"about":[{"href":"https:\/\/blogfolhadocomercio.com.br\/wp\/wp-json\/wp\/v2\/types\/post"}],"author":[{"embeddable":true,"href":"https:\/\/blogfolhadocomercio.com.br\/wp\/wp-json\/wp\/v2\/users\/1"}],"replies":[{"embeddable":true,"href":"https:\/\/blogfolhadocomercio.com.br\/wp\/wp-json\/wp\/v2\/comments?post=323245"}],"version-history":[{"count":0,"href":"https:\/\/blogfolhadocomercio.com.br\/wp\/wp-json\/wp\/v2\/posts\/323245\/revisions"}],"wp:featuredmedia":[{"embeddable":true,"href":"https:\/\/blogfolhadocomercio.com.br\/wp\/wp-json\/wp\/v2\/media\/323246"}],"wp:attachment":[{"href":"https:\/\/blogfolhadocomercio.com.br\/wp\/wp-json\/wp\/v2\/media?parent=323245"}],"wp:term":[{"taxonomy":"category","embeddable":true,"href":"https:\/\/blogfolhadocomercio.com.br\/wp\/wp-json\/wp\/v2\/categories?post=323245"},{"taxonomy":"post_tag","embeddable":true,"href":"https:\/\/blogfolhadocomercio.com.br\/wp\/wp-json\/wp\/v2\/tags?post=323245"}],"curies":[{"name":"wp","href":"https:\/\/api.w.org\/{rel}","templated":true}]}}