{"id":323156,"date":"2024-03-19T13:54:56","date_gmt":"2024-03-19T13:54:56","guid":{"rendered":"https:\/\/blogfolhadocomercio.com.br\/lula-tem-536-de-aprovacao-entre-os-eleitores-de-sao-paulo-aponta-pesquisa-politica-cartacapital\/"},"modified":"2024-03-22T18:15:09","modified_gmt":"2024-03-22T18:15:09","slug":"lula-tem-536-de-aprovacao-entre-os-eleitores-de-sao-paulo-aponta-pesquisa-politica-cartacapital","status":"publish","type":"post","link":"https:\/\/blogfolhadocomercio.com.br\/wp\/2024\/03\/19\/lula-tem-536-de-aprovacao-entre-os-eleitores-de-sao-paulo-aponta-pesquisa-politica-cartacapital\/","title":{"rendered":"Lula tem 53,6% de aprova\u00e7\u00e3o entre os eleitores de S\u00e3o Paulo, aponta pesquisa \u2013 Pol\u00edtica \u2013 CartaCapital"},"content":{"rendered":"<p> <br \/>\n<\/p>\n<div>\n<p><span data-amp-original-style=\"font-weight: 400;\" class=\"amp-wp-fe3f5cc\">A nova rodada do levantamento do instituto\u00a0<a href=\"https:\/\/www.cartacapital.com.br\/tag\/parana-pesquisas\/\" target=\"_blank\" rel=\"noopener\">Paran\u00e1 Pesquisas<\/a> na cidade de S\u00e3o Paulo, <a href=\"https:\/\/www.cartacapital.com.br\/politica\/pesquisa-reforca-empate-tecnico-entre-nunes-e-boulos-na-disputa-pela-prefeitura-de-sao-paulo\/\" target=\"_blank\" rel=\"noopener\">divulgada<\/a> nesta ter\u00e7a-feira 19, captou a avalia\u00e7\u00e3o dos eleitores sobre o governo do presidente <a href=\"https:\/\/www.cartacapital.com.br\/tag\/lula\/\" target=\"_blank\" rel=\"noopener\">Luiz In\u00e1cio Lula da Silva<\/a> (PT).\u00a0<\/span><\/p>\n<p><span data-amp-original-style=\"font-weight: 400;\" class=\"amp-wp-fe3f5cc\">Segundo o levantamento, 53,6% dos entrevistados disseram que aprovam a administra\u00e7\u00e3o de Lula, enquanto 43,6% desaprovam. Outros 2,9% n\u00e3o sabem ou n\u00e3o responderam.<\/span><\/p>\n<p><amp-ad width=\"300\" height=\"1\" noloading=\"\" type=\"teads\" data-pid=\"68207\" layout=\"responsive\" class=\"i-amphtml-layout-responsive i-amphtml-layout-size-defined\" i-amphtml-layout=\"responsive\"><i-amphtml-sizer style=\"display:block;padding-top:0.3333%;\"\/> <\/amp-ad><\/p>\n<p><span data-amp-original-style=\"font-weight: 400;\" class=\"amp-wp-fe3f5cc\">Na \u00faltima pesquisa do instituto, divulgada em fevereiro, a aprova\u00e7\u00e3o era de 54,9%. J\u00e1 no levantamento divulgado em dezembro do ano passado, a taxa ficou em 55,1%. Em rela\u00e7\u00e3o \u00e0 pesquisa divulgada hoje, as oscila\u00e7\u00f5es s\u00e3o de 1,3% e 1,5%, respectivamente.<\/span><\/p>\n<p><amp-iframe class=\"amp-newsletter i-amphtml-layout-responsive i-amphtml-layout-size-defined\" width=\"350\" title=\"Newsletter\" height=\"250\" layout=\"responsive\" sandbox=\"allow-scripts allow-same-origin allow-modals allow-forms\" frameborder=\"0\" src=\"https:\/\/cartacapital.com.br\/wp-content\/themes\/readanddigest-child\/amp\/amp-newsletter.php\" i-amphtml-layout=\"responsive\"><i-amphtml-sizer style=\"display:block;padding-top:71.4286%;\"\/><\/amp-iframe><\/p>\n<p><span data-amp-original-style=\"font-weight: 400;\" class=\"amp-wp-fe3f5cc\">J\u00e1 a taxa de reprova\u00e7\u00e3o do governo Lula em S\u00e3o Paulo, em fevereiro, estava em 41,9%. Em dezembro, o \u00edndice ficou em 42%. O atual \u00edndice, portanto, seria o maior j\u00e1 registrado na pesquisa.<\/span><\/p>\n<p><span data-amp-original-style=\"font-weight: 400;\" class=\"amp-wp-fe3f5cc\">Os dados desta ter\u00e7a mostram ainda que 38% dos entrevistados consideram a gest\u00e3o Lula como \u00f3tima ou boa. J\u00e1 os que consideram regular somam 25,3%. Por outro lado, 35,1% consideram a gest\u00e3o ruim ou p\u00e9ssima. O percentual dos que n\u00e3o sabem ou n\u00e3o responderam ficou em 1,6%.<\/span><\/p>\n<p><span data-amp-original-style=\"font-weight: 400;\" class=\"amp-wp-fe3f5cc\">Nos n\u00fameros detalhados, segundo a Paran\u00e1 Pesquisas, o \u00edndice dos que consideram a gest\u00e3o p\u00e9ssima (27%) supera o dos que consideram a gest\u00e3o boa (24,6%).<\/span><\/p>\n<p> <amp-fx-flying-carpet height=\"300px\" id=\"par06\" class=\"i-amphtml-layout-fixed-height i-amphtml-layout-size-defined\" style=\"height:300px;\" i-amphtml-layout=\"fixed-height\"><amp-ad width=\"300\" height=\"600\" layout=\"fixed\" data-enable-refresh=\"30\" data-loading-strategy=\"2\" type=\"doubleclick\" data-slot=\"\/14147850\/cartacapital-AMP\/amp_interna_p06_fcarpet\" class=\"i-amphtml-layout-fixed i-amphtml-layout-size-defined\" style=\"width:300px;height:600px;\" i-amphtml-layout=\"fixed\"\/><\/amp-fx-flying-carpet><\/p>\n<p><b>Os perfis dos que apoiam e reprovam o governo Lula<\/b><\/p>\n<p><span data-amp-original-style=\"font-weight: 400;\" class=\"amp-wp-fe3f5cc\">Segundo a pesquisa, o presidente Lula tem maior aprova\u00e7\u00e3o entre as mulheres (57,9%) do que entre os homens (48,5%). Pelo caminho inverso, a reprova\u00e7\u00e3o entre os homens \u00e9 de 48,6%, enquanto entre as mulheres ficou em 39,3%.<\/span><\/p>\n<p><span data-amp-original-style=\"font-weight: 400;\" class=\"amp-wp-fe3f5cc\">A pesquisa tamb\u00e9m mostrou que o petista tem maior aprova\u00e7\u00e3o entre os jovens. Segundo o levantamento, a aprova\u00e7\u00e3o entre os que t\u00eam entre 16 e 24 anos \u00e9 de 62,1%, contra 35,9% de reprova\u00e7\u00e3o.<\/span><\/p>\n<p><span data-amp-original-style=\"font-weight: 400;\" class=\"amp-wp-fe3f5cc\">Entretanto, a aprova\u00e7\u00e3o de Lula entre quem tem entre 35 e 44 anos (47,7%) \u00e9 superada pela reprova\u00e7\u00e3o desse mesmo p\u00fablico (50,2%).<\/span><\/p>\n<p><span data-amp-original-style=\"font-weight: 400;\" class=\"amp-wp-fe3f5cc\">\u00c0 medida que o n\u00edvel de educa\u00e7\u00e3o avan\u00e7a, a aprova\u00e7\u00e3o de Lula cai entre os eleitores paulistanos. Segundo a pesquisa, a aprova\u00e7\u00e3o entre os que t\u00eam ensino fundamental \u00e9 de 64,1%, contra 32,6% de reprova\u00e7\u00e3o.\u00a0<\/span><\/p>\n<p><span data-amp-original-style=\"font-weight: 400;\" class=\"amp-wp-fe3f5cc\">Dos que possuem ensino m\u00e9dio, a aprova\u00e7\u00e3o \u00e9 de 54%. J\u00e1 a reprova\u00e7\u00e3o ficou em 43,8%. Por fim, os que t\u00eam ensino superior se dividem da seguinte maneira: 43% de aprova\u00e7\u00e3o e 56% de reprova\u00e7\u00e3o a Lula.<\/span><\/p>\n<p>Os n\u00fameros de Lula, importante registrar, s\u00e3o trunfos da chapa Boulos-Marta para superar o atual prefeito Ricardo Nunes (MDB) na disputa pelo comando da capital. Nesta ter\u00e7a, o trecho eleitoral da pesquisa <a href=\"https:\/\/www.cartacapital.com.br\/politica\/pesquisa-reforca-empate-tecnico-entre-nunes-e-boulos-na-disputa-pela-prefeitura-de-sao-paulo\/\">refor\u00e7a o empate t\u00e9cnico entre os dois advers\u00e1rios<\/a>.<\/p>\n<p><span data-amp-original-style=\"font-weight: 400;\" class=\"amp-wp-fe3f5cc\">O levantamento da Paran\u00e1 Pesquisas foi realizado entre 13 e 18 de mar\u00e7o. No total, 1.350 eleitores foram ouvidos. A margem de erro \u00e9 de 2,7 pontos percentuais e o n\u00edvel de confian\u00e7a \u00e9 de 95%. <\/span><\/p>\n<\/p><\/div>\n\n","protected":false},"excerpt":{"rendered":"<p>A nova rodada do levantamento do instituto\u00a0Paran\u00e1 Pesquisas na cidade de S\u00e3o Paulo, divulgada nesta ter\u00e7a-feira 19, captou a avalia\u00e7\u00e3o dos eleitores sobre o governo do presidente Luiz In\u00e1cio Lula&hellip;<\/p>\n","protected":false},"author":1,"featured_media":323463,"comment_status":"open","ping_status":"open","sticky":false,"template":"","format":"standard","meta":{"footnotes":""},"categories":[35],"tags":[],"class_list":["post-323156","post","type-post","status-publish","format-standard","has-post-thumbnail","hentry","category-politica"],"_links":{"self":[{"href":"https:\/\/blogfolhadocomercio.com.br\/wp\/wp-json\/wp\/v2\/posts\/323156","targetHints":{"allow":["GET"]}}],"collection":[{"href":"https:\/\/blogfolhadocomercio.com.br\/wp\/wp-json\/wp\/v2\/posts"}],"about":[{"href":"https:\/\/blogfolhadocomercio.com.br\/wp\/wp-json\/wp\/v2\/types\/post"}],"author":[{"embeddable":true,"href":"https:\/\/blogfolhadocomercio.com.br\/wp\/wp-json\/wp\/v2\/users\/1"}],"replies":[{"embeddable":true,"href":"https:\/\/blogfolhadocomercio.com.br\/wp\/wp-json\/wp\/v2\/comments?post=323156"}],"version-history":[{"count":1,"href":"https:\/\/blogfolhadocomercio.com.br\/wp\/wp-json\/wp\/v2\/posts\/323156\/revisions"}],"predecessor-version":[{"id":323220,"href":"https:\/\/blogfolhadocomercio.com.br\/wp\/wp-json\/wp\/v2\/posts\/323156\/revisions\/323220"}],"wp:featuredmedia":[{"embeddable":true,"href":"https:\/\/blogfolhadocomercio.com.br\/wp\/wp-json\/wp\/v2\/media\/323463"}],"wp:attachment":[{"href":"https:\/\/blogfolhadocomercio.com.br\/wp\/wp-json\/wp\/v2\/media?parent=323156"}],"wp:term":[{"taxonomy":"category","embeddable":true,"href":"https:\/\/blogfolhadocomercio.com.br\/wp\/wp-json\/wp\/v2\/categories?post=323156"},{"taxonomy":"post_tag","embeddable":true,"href":"https:\/\/blogfolhadocomercio.com.br\/wp\/wp-json\/wp\/v2\/tags?post=323156"}],"curies":[{"name":"wp","href":"https:\/\/api.w.org\/{rel}","templated":true}]}}