{"id":322556,"date":"2024-02-20T11:15:56","date_gmt":"2024-02-20T11:15:56","guid":{"rendered":"https:\/\/blogfolhadocomercio.com.br\/?p=322556"},"modified":"2024-03-22T19:02:20","modified_gmt":"2024-03-22T19:02:20","slug":"linha-vermelha","status":"publish","type":"post","link":"https:\/\/blogfolhadocomercio.com.br\/wp\/2024\/02\/20\/linha-vermelha\/","title":{"rendered":"Linha vermelha"},"content":{"rendered":"\n<p><strong>Lula mistura alhos com bugalhos de maneira absurda, com consequ\u00eancias graves. A n\u00e3o ser por uma tend\u00eancia ideol\u00f3gica contra o Estado de Israel, completamente fora da pol\u00edtica tradicional brasileira, \u00e9 inexplic\u00e1vel o que aconteceu.<\/strong> <\/p>\n\n\n\n<p>A humilha\u00e7\u00e3o p\u00fablica a que foi submetido o embaixador do Brasil em Israel, Frederico Meyer, pelo Estado de Israel, sendo repreendido no Museu do Holocausto diante de jornalistas, \u00e9 exemplar da passionalidade que o tema desperta no povo judeu. E do erro grosseiro, diplom\u00e1tico, hist\u00f3rico e ideol\u00f3gico cometido pelo presidente Lula ao comparar uma rea\u00e7\u00e3o excessiva de Israel ao ataque terrorista do Hamas \u00e0 pol\u00edtica de dizima\u00e7\u00e3o em massa levada a efeito pelos alem\u00e3es contra os judeus na Segunda Guerra Mundial.<\/p>\n\n\n\n<p>A \u00fanica maneira de Israel voltar atr\u00e1s na declara\u00e7\u00e3o de que Lula \u00e9 persona non grata seria o Brasil pedir desculpas, e o recrudescimento da crise com a convoca\u00e7\u00e3o do embaixador brasileiro de volta e a correspondente reprimenda ao embaixador de Israel no Brasil mostra que dificilmente teremos uma solu\u00e7\u00e3o r\u00e1pida para uma crise desnecess\u00e1ria.<\/p>\n\n\n\n<p>J\u00e1 que foi dito, seria preciso encontrar uma maneira que explique a frase, por meio de um comunicado, sem pedir desculpas. Mas a pr\u00f3pria primeira-dama Janja j\u00e1 demonstrou como \u00e9 dif\u00edcil a tarefa de enrolar a l\u00edngua de volta \u00e0 boca. Se a ideia era criticar o governo israelense, e n\u00e3o o povo judeu, o improviso de Lula foi um ato falho revelador de seus sentimentos pol\u00edticos.<\/p>\n\n\n\n<p>O coment\u00e1rio do assessor especial da Presid\u00eancia, Celso Amorim, de que quem deve desculpas \u00e9 Israel, e n\u00e3o a Lula, \u00e0 Humanidade, reflete bem o estado de esp\u00edrito que tomou conta do governo brasileiro depois do escandaloso epis\u00f3dio. N\u00e3o se trata mais de um conselheiro, mas de um militante de uma causa, sem a devida cautela. Ao se referir ao Estado de Israel, e n\u00e3o ao governo de Israel, um diplomata experiente como Amorim sabe que transforma uma pol\u00edtica de governo numa pol\u00edtica de Estado, jogando a acusa\u00e7\u00e3o para Israel.<\/p>\n\n\n\n<p>O Brasil tem todo o direito, e o dever, de denunciar os abusos do governo de Israel no combate ao Hamas. Se fizer uma conta r\u00e1pida, dos milh\u00f5es de judeus assassinados inequivocamente para exterminar um povo, com o que est\u00e1 acontecendo hoje em Gaza, n\u00e3o \u00e9 poss\u00edvel aceitar uma compara\u00e7\u00e3o t\u00e3o absurda. Al\u00e9m do mais, o assassinato em massa, com recursos tecnol\u00f3gicos para se repetir em escala industrial, denota o objetivo de eliminar uma etnia.<\/p>\n\n\n\n<p>A rea\u00e7\u00e3o do Estado de Israel ao ataque terrorista do Hamas, justificada pela barbaridade perpetrada, deveria ter sido controlada para evitar os excessos de for\u00e7a claramente havidos. Mas n\u00e3o h\u00e1 nem mesmo genoc\u00eddio, segundo a Corte Internacional de Justi\u00e7a (CIJ), em Haia, j\u00e1 passando para o campo da ret\u00f3rica pol\u00edtica a qualifica\u00e7\u00e3o que o governo brasileiro adotou em sua linguagem diplom\u00e1tica corriqueira, noutro deslize. Seria preciso tomar provid\u00eancias, de acordo com a CIJ, para evitar um ambiente pol\u00edtico que leve ao genoc\u00eddio, o que \u00e9 muito grave, mas substancialmente diferente.<\/p>\n\n\n\n<p>O presidente da Rep\u00fablica tem de ter mais conhecimento hist\u00f3rico, ou mais responsabilidade, cada vez que abre a boca. Ainda mais um que se pretende l\u00edder mundial e almeja papel relevante no cen\u00e1rio internacional, numa a\u00e7\u00e3o fren\u00e9tica em busca dos holofotes. Esse a\u00e7odamento em busca do protagonismo acaba levando a armadilhas, como ser identificado pelo grupo terrorista Hamas como seu defensor, a ponto de ser elogiado numa declara\u00e7\u00e3o formal, prejudicando os palestinos que n\u00e3o t\u00eam nada a ver com terrorismo.<\/p>\n\n\n\n<p>Mistura alhos com bugalhos de maneira absurda, com consequ\u00eancias graves. A n\u00e3o ser por uma tend\u00eancia ideol\u00f3gica contra o Estado de Israel, completamente fora da pol\u00edtica tradicional brasileira, \u00e9 inexplic\u00e1vel o que aconteceu.  <\/p>\n\n\n\n<p>Por Merval Pereira <\/p>\n\n\n\n<p>PUBLICIDADE <\/p>\n\n\n\n<figure class=\"wp-block-image size-full\"><img decoding=\"async\" src=\"https:\/\/blogfolhadocomercio.com.br\/wp-content\/uploads\/2024\/02\/image-24.png\" alt=\"\" class=\"wp-image-322396\"\/><\/figure>\n\n\n\n<p>Saiba mais sobre a Milenium no site&nbsp;<a href=\"http:\/\/www.mileniumcredito.com.br\/\">http:\/\/www.mileniumcredito.com.br<\/a><\/p>\n\n\n\n<p><a href=\"https:\/\/adclick.g.doubleclick.net\/pcs\/click?xai=AKAOjstISlONMY4jvalASfEdzr0aJHsa-QxBJR3-5t_7wMIqF_PhqlaHnlJ1nbdiVZZ7jq7usqk6OmxkQXgMZyEaKH9sTg0RRokJ3q5f1zquy-hvTXaJ7mrnV9N9W0J-f3Fvt1ne75r21i29itlUtDuxMMasBj13PQPA8apwrXKBSYR49yrlyA1cMsTR5hOLJdMIwziT4AU2b5JtK96q73iad0XfkyqHTiyMfs-D4Zk-mAIxWhURqDTRs13jYzqD17I6WzYHd4pv8f7u2PaUBWbynvXY3TtO2Lf0hq7tTUU3Qk4atLSNyl4q0iTh3JvpwxjB1qKqFmePQUAfiEYcy3TkB4J7_9Bw54eckZzp39DCmjq9nm0zBuLyma0rmgxYErzXJPBzTiW0qro3DpQcc79s_Wz8fq_SOPHjMcs&amp;sai=AMfl-YTrG4tv_3zEDh5-ZWYwdB34dBkbsC1ncgD67rAmkvdsQzGQ3ggONhCo50F7OL-vhe6Pt_B2metiUferVD77VnAganxotj2nVavdmwZ7CeBqQf4BblWSTYecGS6_PyCEtMfEGjYxbZnepDt5gkNSPhydNzxOTo4i&amp;sig=Cg0ArKJSzJfMUYXNN6gWEAE&amp;fbs_aeid=%5Bgw_fbsaeid%5D&amp;urlfix=1&amp;adurl=https:\/\/www.desincha.com.br\/%3Futm_source%3Dweb_globo%26utm_medium%3Dquem%26utm_campaign%3Dquem_globo\" target=\"_blank\" rel=\"noreferrer noopener\"><\/a><\/p>\n","protected":false},"excerpt":{"rendered":"<p>Lula mistura alhos com bugalhos de maneira absurda, com consequ\u00eancias graves. A n\u00e3o ser por uma tend\u00eancia ideol\u00f3gica contra o Estado de Israel, completamente fora da pol\u00edtica tradicional brasileira, \u00e9&hellip;<\/p>\n","protected":false},"author":4,"featured_media":323485,"comment_status":"open","ping_status":"open","sticky":false,"template":"","format":"standard","meta":{"footnotes":""},"categories":[34,35],"tags":[],"class_list":["post-322556","post","type-post","status-publish","format-standard","has-post-thumbnail","hentry","category-brasil","category-politica"],"_links":{"self":[{"href":"https:\/\/blogfolhadocomercio.com.br\/wp\/wp-json\/wp\/v2\/posts\/322556","targetHints":{"allow":["GET"]}}],"collection":[{"href":"https:\/\/blogfolhadocomercio.com.br\/wp\/wp-json\/wp\/v2\/posts"}],"about":[{"href":"https:\/\/blogfolhadocomercio.com.br\/wp\/wp-json\/wp\/v2\/types\/post"}],"author":[{"embeddable":true,"href":"https:\/\/blogfolhadocomercio.com.br\/wp\/wp-json\/wp\/v2\/users\/4"}],"replies":[{"embeddable":true,"href":"https:\/\/blogfolhadocomercio.com.br\/wp\/wp-json\/wp\/v2\/comments?post=322556"}],"version-history":[{"count":1,"href":"https:\/\/blogfolhadocomercio.com.br\/wp\/wp-json\/wp\/v2\/posts\/322556\/revisions"}],"predecessor-version":[{"id":323317,"href":"https:\/\/blogfolhadocomercio.com.br\/wp\/wp-json\/wp\/v2\/posts\/322556\/revisions\/323317"}],"wp:featuredmedia":[{"embeddable":true,"href":"https:\/\/blogfolhadocomercio.com.br\/wp\/wp-json\/wp\/v2\/media\/323485"}],"wp:attachment":[{"href":"https:\/\/blogfolhadocomercio.com.br\/wp\/wp-json\/wp\/v2\/media?parent=322556"}],"wp:term":[{"taxonomy":"category","embeddable":true,"href":"https:\/\/blogfolhadocomercio.com.br\/wp\/wp-json\/wp\/v2\/categories?post=322556"},{"taxonomy":"post_tag","embeddable":true,"href":"https:\/\/blogfolhadocomercio.com.br\/wp\/wp-json\/wp\/v2\/tags?post=322556"}],"curies":[{"name":"wp","href":"https:\/\/api.w.org\/{rel}","templated":true}]}}