{"id":322532,"date":"2024-02-19T14:32:08","date_gmt":"2024-02-19T14:32:08","guid":{"rendered":"https:\/\/blogfolhadocomercio.com.br\/?p=322532"},"modified":"2024-03-22T17:35:00","modified_gmt":"2024-03-22T17:35:00","slug":"qual-a-fortuna-de-abilio-diniz-empresario-era-o-31o-brasileiro-mais-rico","status":"publish","type":"post","link":"https:\/\/blogfolhadocomercio.com.br\/wp\/2024\/02\/19\/qual-a-fortuna-de-abilio-diniz-empresario-era-o-31o-brasileiro-mais-rico\/","title":{"rendered":"Qual a fortuna de Abilio Diniz? Empres\u00e1rio era o 31\u00ba brasileiro mais rico"},"content":{"rendered":"\n<p><strong>Um dos mais influentes do pa\u00eds, empres\u00e1rio acumulou patrim\u00f4nio estimado em quase R$ 10 bilh\u00f5es<\/strong> <\/p>\n\n\n\n<p>Morto aos 87 anos, em S\u00e3o Paulo, neste domingo, Abilio Diniz, era um dos empres\u00e1rios mais importantes e influentes do Brasil nas \u00faltimas quatro d\u00e9cadas. Atualmente, ele era o 31\u00ba brasileiro mais rico do mundo, com patrim\u00f4nio estimado em US$ 2 bilh\u00f5es (R$ 9,9 bilh\u00f5es, na cota\u00e7\u00e3o atual), de acordo com o ranking em tempo real pela Forbes. <\/p>\n\n\n\n<p>A Pen\u00ednsula, a empresa de participa\u00e7\u00f5es da fam\u00edlia Diniz, \u00e9 atualmente o segundo maior acionista do Carrefour global. Det\u00e9m 8,4% de participa\u00e7\u00e3o e 13,73% do capital votante \u2014 \u00e0 sua frente, somente a fam\u00edlia Moulin. Abilio era o presidente do conselho da Pen\u00ednsula. <\/p>\n\n\n\n<h2 class=\"wp-block-heading\">Quem era Abilio Diniz?<\/h2>\n\n\n\n<p>Diniz foi, durante quase seis d\u00e9cadas, presidente e controlador do grupo P\u00e3o de&nbsp;A\u00e7\u00facar, fundado por seu pai. Depois de uma feroz disputa judici\u00e1ria com seu s\u00f3cio franc\u00eas, o Casino, vendeu em 2013 sua participa\u00e7\u00e3o na empresa, mas n\u00e3o deixou o varejo de supermercado. <\/p>\n\n\n\n<p>Tornou-se s\u00f3cio do Carrefour (ocupava a vice-presid\u00eancia do conselho de administra\u00e7\u00e3o do Carrefour Brasil e integrava o&nbsp;<em>board<\/em>&nbsp;do Carrefour mundial, onde era um dos maiores acionistas).<\/p>\n\n\n\n<h2 class=\"wp-block-heading\">Filhos de Abilio Diniz<\/h2>\n\n\n\n<p>Da rela\u00e7\u00e3o com Maria Auriluce Falleiros, o empres\u00e1rio foi pai de Pedro Paulo Diniz, Ana Maria Diniz, Adriana Diniz e Jo\u00e3o Paulo Diniz, que morreu em agosto de 2022 ap\u00f3s um infarto fulminante em sua casa na cidade de Paraty, no estado do Rio. J\u00e1 com Geyze Diniz, com quem subiu ao altar em 2004, ele teve Rafaela e o ca\u00e7ula, Miguel. <\/p>\n\n\n\n<p>Conforme reportou Lauro Jardim, colunista do GLOBO, Abilio estava internado h\u00e1 cerca de um m\u00eas no Hospital Albert Einstein com pneumonia. Esteve na UTI do hospital durante todo este per\u00edodo. Abilio estava de f\u00e9rias em janeiro em Aspen (EUA), se recuperando de duas cirurgias no joelho. L\u00e1, come\u00e7ou a passar mal e retornou ao Brasil. <\/p>\n\n\n\n<p>Amante dos esportes, Abilio se exercitava diariamente. At\u00e9 submeter-se \u00e0s recentes cirurgias no joelho, tinha uma rotina dura, de quase duas horas di\u00e1rias de exerc\u00edcios com peso e corridas na esteira. Era comum que Abilio desse conselhos sobre longevidade, cuidados com a sa\u00fade e sugest\u00f5es de rotinas de exerc\u00edcios a seus interlocutores \u2014 fossem eles pol\u00edticos, jornalistas ou funcion\u00e1rios. <\/p>\n\n\n\n<h2 class=\"wp-block-heading\">Torcedor do S\u00e3o Paulo<\/h2>\n\n\n\n<p>Era um fan\u00e1tico torcedor do S\u00e3o Paulo. Assistia pela TV aos jogos do time e tinha por h\u00e1bito ligar para treinadores e dirigentes do clube para dar palpites. <\/p>\n\n\n\n<h2 class=\"wp-block-heading\"><strong>Sequestro de Abilio Diniz<\/strong><\/h2>\n\n\n\n<p>Em 11 de dezembro de 1989, Diniz foi v\u00edtima de um sequestro em S\u00e3o Paulo que durou seis dias. Seus sequestradores, procedentes de v\u00e1rios pa\u00edses sul-americanos, foram presos. <\/p>\n\n\n\n<p>PUBLICIDADE   <\/p>\n\n\n\n<figure class=\"wp-block-image size-full\"><img decoding=\"async\" src=\"https:\/\/blogfolhadocomercio.com.br\/wp-content\/uploads\/2024\/02\/image-24.png\" alt=\"\" class=\"wp-image-322396\"\/><\/figure>\n\n\n\n<ul class=\"wp-block-list\">\n<li><\/li>\n<\/ul>\n\n\n\n<ul class=\"wp-block-list\">\n<li><\/li>\n<\/ul>\n\n\n\n<p>Saiba mais sobre a Milenium no site&nbsp;<a href=\"http:\/\/www.mileniumcredito.com.br\/\">http:\/\/www.mileniumcredito.com.br<\/a><\/p>\n","protected":false},"excerpt":{"rendered":"<p>Um dos mais influentes do pa\u00eds, empres\u00e1rio acumulou patrim\u00f4nio estimado em quase R$ 10 bilh\u00f5es Morto aos 87 anos, em S\u00e3o Paulo, neste domingo, Abilio Diniz, era um dos empres\u00e1rios&hellip;<\/p>\n","protected":false},"author":4,"featured_media":323441,"comment_status":"open","ping_status":"open","sticky":false,"template":"","format":"standard","meta":{"footnotes":""},"categories":[43],"tags":[],"class_list":["post-322532","post","type-post","status-publish","format-standard","has-post-thumbnail","hentry","category-economia"],"_links":{"self":[{"href":"https:\/\/blogfolhadocomercio.com.br\/wp\/wp-json\/wp\/v2\/posts\/322532","targetHints":{"allow":["GET"]}}],"collection":[{"href":"https:\/\/blogfolhadocomercio.com.br\/wp\/wp-json\/wp\/v2\/posts"}],"about":[{"href":"https:\/\/blogfolhadocomercio.com.br\/wp\/wp-json\/wp\/v2\/types\/post"}],"author":[{"embeddable":true,"href":"https:\/\/blogfolhadocomercio.com.br\/wp\/wp-json\/wp\/v2\/users\/4"}],"replies":[{"embeddable":true,"href":"https:\/\/blogfolhadocomercio.com.br\/wp\/wp-json\/wp\/v2\/comments?post=322532"}],"version-history":[{"count":2,"href":"https:\/\/blogfolhadocomercio.com.br\/wp\/wp-json\/wp\/v2\/posts\/322532\/revisions"}],"predecessor-version":[{"id":323442,"href":"https:\/\/blogfolhadocomercio.com.br\/wp\/wp-json\/wp\/v2\/posts\/322532\/revisions\/323442"}],"wp:featuredmedia":[{"embeddable":true,"href":"https:\/\/blogfolhadocomercio.com.br\/wp\/wp-json\/wp\/v2\/media\/323441"}],"wp:attachment":[{"href":"https:\/\/blogfolhadocomercio.com.br\/wp\/wp-json\/wp\/v2\/media?parent=322532"}],"wp:term":[{"taxonomy":"category","embeddable":true,"href":"https:\/\/blogfolhadocomercio.com.br\/wp\/wp-json\/wp\/v2\/categories?post=322532"},{"taxonomy":"post_tag","embeddable":true,"href":"https:\/\/blogfolhadocomercio.com.br\/wp\/wp-json\/wp\/v2\/tags?post=322532"}],"curies":[{"name":"wp","href":"https:\/\/api.w.org\/{rel}","templated":true}]}}