{"id":322519,"date":"2024-02-19T11:20:50","date_gmt":"2024-02-19T11:20:50","guid":{"rendered":"https:\/\/blogfolhadocomercio.com.br\/?p=322519"},"modified":"2024-03-22T19:16:43","modified_gmt":"2024-03-22T19:16:43","slug":"nao-perdoaremos-e-nao-esqueceremos-lula-e-persona-non-grata-em-israel-ate-se-retratar-diz-chanceler","status":"publish","type":"post","link":"https:\/\/blogfolhadocomercio.com.br\/wp\/2024\/02\/19\/nao-perdoaremos-e-nao-esqueceremos-lula-e-persona-non-grata-em-israel-ate-se-retratar-diz-chanceler\/","title":{"rendered":"&#8216;N\u00e3o perdoaremos e n\u00e3o esqueceremos&#8217;: Lula \u00e9 persona non grata em Israel at\u00e9 se retratar, diz chanceler"},"content":{"rendered":"\n<p><strong>Al\u00e9m do posicionamento p\u00fablico, o governo de Israel mudou o protocolo para encontros com diplomatas e resolveu fazer a reuni\u00e3o com o embaixador do Brasil em Israel no museu do Holocausto, em Jerusal\u00e9m<\/strong> <\/p>\n\n\n\n<p>O chanceler de Israel, Israel Kantz, afirmou nesta segunda-feira que o presidente Luiz In\u00e1cio Lula da Silva \u00e9 &#8220;persona non grata&#8221; no pa\u00eds at\u00e9 que pe\u00e7a desculpas. O diplomata repercutiu, mais uma vez, a fala de Lula neste domingo, quando com comparou o desastre humanit\u00e1rio em Gaza ao Holocausto, o que abriu uma crise diplom\u00e1tica entre os dois pa\u00edses. <\/p>\n\n\n\n<p>&#8220;N\u00e3o perdoaremos e n\u00e3o esqueceremos &#8211; em meu nome e em nome dos cidad\u00e3os de Israel, informei ao Presidente Lula que ele \u00e9 &#8220;persona non grata&#8221; em Israel at\u00e9 que ele pe\u00e7a desculpas e se retrate de suas palavras&#8221;, afirmou em publica\u00e7\u00e3o no X \u2014 antigo Twitter. <\/p>\n\n\n\n<p>Al\u00e9m do posicionamento p\u00fablico, o governo de&nbsp;<a class=\"\" href=\"https:\/\/oglobo.globo.com\/tudo-sobre\/pais\/israel\/\">Israel&nbsp;<\/a>mudou o protocolo para encontros com diplomatas e representantes de na\u00e7\u00f5es estrangeiras e resolveu fazer a&nbsp;<a class=\"\" href=\"https:\/\/oglobo.globo.com\/blogs\/bernardo-mello-franco\/coluna\/2024\/02\/israel-convoca-embaixador-do-brasil-apos-fala-de-lula-sobre-gaza.ghtml\">reuni\u00e3o com o embaixador do Brasil em Israel<\/a>&nbsp;no museu do Holocausto, em Jerusal\u00e9m. Normalmente, o encontro aconteceria no Minist\u00e9rio das Rela\u00e7\u00f5es Exteriores.<\/p>\n\n\n\n<p>\u201cEsta manh\u00e3 convoquei o embaixador brasileiro em Israel para o Museu do Holocausto, o lugar que testemunha mais do que qualquer outra coisa o que os nazistas e Hitler fizeram aos judeus, incluindo membros da minha fam\u00edlia\u201d , afirmou o chanceler Israel Kantz no X \u2014 antigo Twitter.<\/p>\n\n\n\n<p>Em entrevista coletiva neste domingo, o presidente Luiz In\u00e1cio Lula da Silva (PT) comparou as mortes de palestinos em Gaza \u00e0 matan\u00e7a de judeus na Alemanha nazista de Adolf Hitler. Pouco tempo depois, o governo de Israel anunciou que iria repreender o embaixador brasileiro em Tel Aviv. O primeiro-ministro israelense, Benjamin Netanyahu, disse que \u201cas palavras do presidente do Brasil s\u00e3o vergonhosas e graves\u201d.<\/p>\n\n\n\n<p>&#8220;A compara\u00e7\u00e3o do presidente brasileiro Lula entre a guerra justa de Israel contra o Hamas e as ac\u00e7\u00f5es de Hitler e dos nazis, que destru\u00edram 6 milh\u00f5es de judeus, constitui um grave ataque anti-semita que profana a mem\u00f3ria daqueles que morreram no Holocausto&#8221;, afirmou o chanceler nas redes.<\/p>\n\n\n\n<h2 class=\"wp-block-heading\">Entenda a fala de Lula<\/h2>\n\n\n\n<p>As declara\u00e7\u00f5es de Lula foram feitas durante entrevista a jornalistas no hotel em que ele est\u00e1 hospedado em Adis Abeba, capital da Eti\u00f3pia. Lula foi convidado para discursar, no \u00faltimo s\u00e1bado, na sess\u00e3o de abertura da c\u00fapula da Uni\u00e3o Africana. Ele tamb\u00e9m teve reuni\u00f5es bilaterais com l\u00edderes do continente e com o primeiro-ministro da Autoridade Palestina, Mohammad Shtayyeh. No encontro, ele criticou tanto Israel quanto o Hamas.<\/p>\n\n\n\n<p>No s\u00e1bado, Lula afirmou que o momento \u00e9 \u201cprop\u00edcio\u201d para se resgatar tradi\u00e7\u00f5es humanistas e que isso implica condenar as agress\u00f5es dos dois lados no conflito entre Israel e\u00a0<a class=\"\" href=\"https:\/\/oglobo.globo.com\/tudo-sobre\/assunto\/hamas\/\">Hamas<\/a>. O presidente disse que o fim da guerra no Oriente M\u00e9dio passa pela cria\u00e7\u00e3o de um Estado Palestino \u201clivre e soberano, reconhecido como membro pleno da ONU\u201d. <\/p>\n\n\n\n<p>\u2014 Ser humanista hoje implica condenar os ataques perpetrados pelo Hamas contra civis israelenses e demandar a liberta\u00e7\u00e3o imediata de todos os ref\u00e9ns. Ser humanista imp\u00f5e igualmente o recha\u00e7o \u00e0 resposta desproporcional de Israel, que vitimou quase 30 mil palestinos em Gaza, em sua ampla maioria, mulheres e crian\u00e7as, e provocou o deslocamento for\u00e7ado de mais de 80% da popula\u00e7\u00e3o. <\/p>\n\n\n\n<p>Neste domingo, por\u00e9m, Lula comparou o desastre humanit\u00e1rio em Gaza ao Holocausto ao criticar pa\u00edses ricos que suspenderam o financiamento \u00e0 Ag\u00eancia das Na\u00e7\u00f5es Unidas de Assist\u00eancia aos Refugiados da Palestina no Oriente Pr\u00f3ximo (UNRWA, na sigla em ingl\u00eas).<\/p>\n\n\n\n<p>\u2014 O que est\u00e1 acontecendo na Faixa Gaza n\u00e3o existe em nenhum outro momento hist\u00f3rico, ali\u00e1s, existiu, quando Hitler resolveu matar os judeus \u2014 afirmou Lula. <\/p>\n\n\n\n<h2 class=\"wp-block-heading\">Repercuss\u00e3o<\/h2>\n\n\n\n<p>Ap\u00f3s a fala do l\u00edder brasileiro, o Hamas emitiu um comunicado em que agradeceu Lula pela compara\u00e7\u00e3o com o Holocausto. &#8220;Os acontecimento na Faixa de Gaza s\u00e3o como o que o l\u00edder nazista Hitler fez aos judeus durante a Segunda Guerra Mundial (&#8230;) Pedimos \u00e0 Corte Internacional de Justi\u00e7a que leve em conta o que o presidente brasileiro disse&#8221;, continuou o grupo extremista.<\/p>\n\n\n\n<p>O presidente do Memorial do Holocausto Yad Vashem, em Jerusal\u00e9m, Dani Dayan,&nbsp;<a class=\"\" href=\"https:\/\/oglobo.globo.com\/mundo\/noticia\/2024\/02\/18\/presidente-do-museu-do-holocausto-em-jerusalem-diz-que-falas-de-lula-sao-escandalosa-combinacao-de-odio-e-ignorancia.ghtml\">repudiou as declara\u00e7\u00f5es de Lula.<\/a>&nbsp;Em publica\u00e7\u00e3o no X (antigo Twitter), afirmou que as &#8216;vergonhosas palavras&#8217; do l\u00edder brasileiro s\u00e3o uma &#8216;escandalosa combina\u00e7\u00e3o de \u00f3dio e ignor\u00e2ncia&#8217;. Al\u00e9m disso, disse que, segundo a defini\u00e7\u00e3o da Alian\u00e7a Internacional de Mem\u00f3ria do Holocausto, trata-se de &#8216;uma clara express\u00e3o antissemita&#8217;.<\/p>\n\n\n\n<p>A Confedera\u00e7\u00e3o Israelita do Brasil (Conib)\u00a0<a class=\"\" href=\"https:\/\/oglobo.globo.com\/mundo\/noticia\/2024\/02\/18\/confederacao-israelita-no-brasil-repudia-fala-de-lula-sobre-ataques-israelenses-em-gaza.ghtml\">tamb\u00e9m criticou as falas do presidente.<\/a>\u00a0Para o \u00f3rg\u00e3o, trata-se de \u201cdistor\u00e7\u00e3o perversa da realidade\u201d que \u201cofende a mem\u00f3ria das v\u00edtimas do Holocausto e de seus descendentes\u201d. Nas redes sociais, a Conib escreveu que \u201cIsrael est\u00e1 se defendendo de um grupo terrorista que invadiu o pa\u00eds, matou mais de mil pessoas, promoveu estupros em massa, queimou pessoas vivas e defende em sua Carta de funda\u00e7\u00e3o a elimina\u00e7\u00e3o do Estado judeu\u201d. <\/p>\n\n\n\n<p>No come\u00e7o da noite deste domingo, o Pal\u00e1cio do Planalto emitiu uma nota sobre o caso:<\/p>\n\n\n\n<p>&#8220;O presidente Lula condenou desde o dia 7 de outubro os atos terroristas do Hamas. O fez diversas vezes. E se op\u00f5e a uma rea\u00e7\u00e3o desproporcional e ao sofrimento de mulheres e crian\u00e7as na Faixa de Gaza&#8221;, diz o texto. <\/p>\n\n\n\n<figure class=\"wp-block-image size-full\"><img decoding=\"async\" src=\"https:\/\/blogfolhadocomercio.com.br\/wp-content\/uploads\/2024\/02\/image-24.png\" alt=\"\" class=\"wp-image-322396\"\/><\/figure>\n\n\n\n<p>Saiba mais sobre a Milenium no site&nbsp;<a href=\"http:\/\/www.mileniumcredito.com.br\/\">http:\/\/www.mileniumcredito.com.br<\/a><\/p>\n","protected":false},"excerpt":{"rendered":"<p>Al\u00e9m do posicionamento p\u00fablico, o governo de Israel mudou o protocolo para encontros com diplomatas e resolveu fazer a reuni\u00e3o com o embaixador do Brasil em Israel no museu do&hellip;<\/p>\n","protected":false},"author":4,"featured_media":323494,"comment_status":"open","ping_status":"open","sticky":false,"template":"","format":"standard","meta":{"footnotes":""},"categories":[34,35],"tags":[],"class_list":["post-322519","post","type-post","status-publish","format-standard","has-post-thumbnail","hentry","category-brasil","category-politica"],"_links":{"self":[{"href":"https:\/\/blogfolhadocomercio.com.br\/wp\/wp-json\/wp\/v2\/posts\/322519","targetHints":{"allow":["GET"]}}],"collection":[{"href":"https:\/\/blogfolhadocomercio.com.br\/wp\/wp-json\/wp\/v2\/posts"}],"about":[{"href":"https:\/\/blogfolhadocomercio.com.br\/wp\/wp-json\/wp\/v2\/types\/post"}],"author":[{"embeddable":true,"href":"https:\/\/blogfolhadocomercio.com.br\/wp\/wp-json\/wp\/v2\/users\/4"}],"replies":[{"embeddable":true,"href":"https:\/\/blogfolhadocomercio.com.br\/wp\/wp-json\/wp\/v2\/comments?post=322519"}],"version-history":[{"count":1,"href":"https:\/\/blogfolhadocomercio.com.br\/wp\/wp-json\/wp\/v2\/posts\/322519\/revisions"}],"predecessor-version":[{"id":323327,"href":"https:\/\/blogfolhadocomercio.com.br\/wp\/wp-json\/wp\/v2\/posts\/322519\/revisions\/323327"}],"wp:featuredmedia":[{"embeddable":true,"href":"https:\/\/blogfolhadocomercio.com.br\/wp\/wp-json\/wp\/v2\/media\/323494"}],"wp:attachment":[{"href":"https:\/\/blogfolhadocomercio.com.br\/wp\/wp-json\/wp\/v2\/media?parent=322519"}],"wp:term":[{"taxonomy":"category","embeddable":true,"href":"https:\/\/blogfolhadocomercio.com.br\/wp\/wp-json\/wp\/v2\/categories?post=322519"},{"taxonomy":"post_tag","embeddable":true,"href":"https:\/\/blogfolhadocomercio.com.br\/wp\/wp-json\/wp\/v2\/tags?post=322519"}],"curies":[{"name":"wp","href":"https:\/\/api.w.org\/{rel}","templated":true}]}}