{"id":322479,"date":"2024-02-16T12:23:01","date_gmt":"2024-02-16T12:23:01","guid":{"rendered":"https:\/\/blogfolhadocomercio.com.br\/?p=322479"},"modified":"2024-03-22T19:27:41","modified_gmt":"2024-03-22T19:27:41","slug":"opositor-de-putin-alexei-navalny-morreu-na-prisao-diz-servico-penitenciario-da-russia","status":"publish","type":"post","link":"https:\/\/blogfolhadocomercio.com.br\/wp\/2024\/02\/16\/opositor-de-putin-alexei-navalny-morreu-na-prisao-diz-servico-penitenciario-da-russia\/","title":{"rendered":"Opositor de Putin, Alexei Navalny morreu na pris\u00e3o, diz servi\u00e7o penitenci\u00e1rio da R\u00fassia"},"content":{"rendered":"\n<p><strong>Em janeiro, ele relatou a tribunal de Moscou duras condi\u00e7\u00f5es de sobreviv\u00eancia em col\u00f4nia penal no \u00c1rtico e reclamou do limite de 10 minutos para se alimentar<\/strong> <\/p>\n\n\n\n<p>Alexei Navalny, principal opositor do presidente russo Vladimir Putin, morreu aos 47 anos na pris\u00e3o, anunciou o Servi\u00e7o Penitenci\u00e1rio Federal nesta sexta-feira. Em comunicado, o \u00f3rg\u00e3o afirmou que ele \u201csentiu-se mal ap\u00f3s uma caminhada, perdendo quase imediatamente a consci\u00eancia\u201d. M\u00e9dicos da institui\u00e7\u00e3o teriam sido chamados, e \u201ctodas as medidas de reanima\u00e7\u00e3o necess\u00e1rias foram realizadas, mas n\u00e3o tiveram resultados positivos\u201d. O \u00f3rg\u00e3o afirmou que as causas da morte est\u00e3o sendo investigadas. Porta-voz de Navalny, Kira Yarmysh declarou que ainda n\u00e3o tem \u201cnenhuma confirma\u00e7\u00e3o\u201d sobre a morte dele. <\/p>\n\n\n\n<p>O advogado do opositor est\u00e1 a caminho da pris\u00e3o para buscar mais informa\u00e7\u00f5es sobre o ocorrido, continuou Yarmysh. J\u00e1 o porta-voz do governo russo, Dmitry Peskov, disse que o Servi\u00e7o Penitenci\u00e1rio Federal est\u00e1 \u201cverificando e estabelecendo\u201d o que aconteceu com Navalny, e que \u201cn\u00e3o s\u00e3o necess\u00e1rias ordens especiais [do Kremlin]\u201d. Ele tamb\u00e9m indicou que Putin foi informado sobre a morte, mas ressaltou que \u201ccaber\u00e1 aos m\u00e9dicos\u201d o esclarecimento sobre a causa do ocorrido.<\/p>\n\n\n\n<p>Em 11 de janeiro, Navalny apareceu em imagens pela primeira vez desde que foi transferido para uma col\u00f4nia penal em Kharp, no \u00c1rtico russo, em dezembro. Na \u00e9poca, a equipe do cr\u00edtico do Kremlin ficara tr\u00eas semanas sem not\u00edcias dele, e pouco se sabia sobre o estado de sa\u00fade do detento. H\u00e1 pouco mais de um m\u00eas, ele participou via videoconfer\u00eancia de uma audi\u00eancia da Suprema Corte, que ocorria em Moscou e avaliava as queixas do opositor \u00e0s condi\u00e7\u00f5es de sua deten\u00e7\u00e3o na Sib\u00e9ria.<\/p>\n\n\n\n<p>A col\u00f4nia penal para a qual foi transferido, apelidada de &#8220;Lobo Polar&#8221;, \u00e9 um estabelecimento herdado do Gulag sovi\u00e9tico. Ao tribunal, Navalny disse que era submetido a temperaturas &#8220;congelantes&#8221;, que chegavam a 32 graus negativos.<\/p>\n\n\n\n<p>\u2014 A cela de puni\u00e7\u00e3o costuma ser um lugar muito frio \u2014 afirmou ele. \u2014 Voc\u00ea sabe por que as pessoas escolhem um jornal l\u00e1 [um dos itens que podem receber na cela]? Para se cobrirem. Porque com um jornal, posso dizer a voc\u00eas, ju\u00edzes, \u00e9 muito mais quente dormir, por exemplo, do que sem ele. E ent\u00e3o voc\u00ea precisa de um jornal para n\u00e3o congelar. <\/p>\n\n\n\n<p>Navalny tamb\u00e9m se queixou do limite de tempo para fazer as refei\u00e7\u00f5es.<\/p>\n\n\n\n<p>\u2014 \u00c9 imposs\u00edvel comer em 10 minutos \u2014 relatou \u00e0 Corte. \u2014 Se voc\u00ea comer todos os dias em 10 minutos, [fazer] esta refei\u00e7\u00e3o se tornar\u00e1 um processo bastante complexo. <\/p>\n\n\n\n<p>Apesar das queixas, Navalny parecia estar de bom humor. Ele chegou a brincar, durante a audi\u00eancia, que ainda n\u00e3o havia recebido nenhuma correspond\u00eancia de Natal por estar \u201cmuito longe\u201d.<\/p>\n\n\n\n<p>A meses da elei\u00e7\u00e3o presidencial no pa\u00eds, Navalny foi levado para a col\u00f4nia penal n\u00famero 3, na localidade de Kharp, anunciou a porta-voz do ativista, Kira Yarmish, na rede social X (antigo Twitter), na \u00faltima semana de dezembro. Na ocasi\u00e3o, Navalny disse estar &#8220;bem&#8221;. A viagem at\u00e9 sua nova pris\u00e3o durou 20 dias e foi \u201cbastante cansativa\u201d, declarou ele na rede X.<\/p>\n\n\n\n<p>At\u00e9 o in\u00edcio de dezembro, ele estava detido na col\u00f4nia da regi\u00e3o de Vladimir, a 250 quil\u00f4metros de Moscou.<\/p>\n\n\n\n<p>Navalny, um ativista anticorrup\u00e7\u00e3o e um dos principais advers\u00e1rios pol\u00edticos do presidente Vladimir Putin, cumpre pena de 19 anos de pris\u00e3o por &#8220;extremismo&#8221;. Ele foi detido em janeiro de 2021 ao retornar \u00e0 R\u00fassia, depois de se recuperar na Alemanha de um envenenamento que, segundo ele, foi planejado pelo Kremlin.<\/p>\n\n\n\n<p>Kharp, uma pequena cidade de 5 mil habitantes, situa-se em Yamalia-Nenetsia, uma regi\u00e3o remota no norte da R\u00fassia. A localidade fica al\u00e9m do C\u00edrculo Polar \u00c1rtico e abriga v\u00e1rias col\u00f4nias penais. Um dos principais colaboradores de Navalny, Ivan Zhdanov, afirmou que esta \u00e9 &#8220;uma das col\u00f4nias mais remotas&#8221; da R\u00fassia. As condi\u00e7\u00f5es l\u00e1 s\u00e3o &#8220;dif\u00edceis&#8221;, escreveu na rede X.<\/p>\n\n\n\n<p>\u201cAs condi\u00e7\u00f5es l\u00e1 s\u00e3o duras, com um regime especial na zona de permafrost\u201d e muito pouco contato com o mundo exterior, disse Jdanov. O permafrost \u00e9 uma camada do subsolo da crosta terrestre que est\u00e1 permanentemente congelada.<\/p>\n\n\n\n<p>Cadeia para &#8216;penas perp\u00e9tuas&#8217;<br>De acordo com o veredito de &#8220;extremismo&#8221; pronunciado contra ele, o opositor tem de cumprir a pena em uma col\u00f4nia de &#8220;regime especial&#8221;. Nessa categoria, a mais gravosa na R\u00fassia e normalmente destinada aos condenados \u00e0 pris\u00e3o perp\u00e9tua ou aos detentos mais perigosos, as condi\u00e7\u00f5es de deten\u00e7\u00e3o s\u00e3o mais duras.<\/p>\n\n\n\n<p>&#8220;Desde o in\u00edcio, ficou claro que as autoridades queriam isolar Alexei, especialmente antes da elei\u00e7\u00e3o presidencial&#8221;, prevista para mar\u00e7o de 2024, acrescentou Zhdanov.<\/p>\n\n\n\n<p>De acordo com a ag\u00eancia Reuters, a nova pris\u00e3o de Navalny \u00e9 conhecida como col\u00f4nia &#8220;Polar Wolf&#8221; (\u201cLobo Polar&#8221;) e considerada uma das pris\u00f5es mais dif\u00edceis de se ficar na R\u00fassia. Os invernos s\u00e3o rigorosos, e a previs\u00e3o \u00e9 que as temperaturas caiam a cerca de 28 graus Celsius negativos na pr\u00f3xima semana.<\/p>\n\n\n\n<p>Localizada \u00e0s margens do rio Sob, a Polar Wolf \u00e9 uma das sete col\u00f4nias de trabalho corretivo de seguran\u00e7a m\u00e1xima operadas pelo Servi\u00e7o Penitenci\u00e1rio Federal para condenados \u00e0 pris\u00e3o perp\u00e9tua, status este que ganhou em 2004, segundo o site Atlas News. O portal afirma ainda que a pris\u00e3o \u00e9 composta por &#8220;caldeira, padaria, usina a diesel, cantina e departamentos de produ\u00e7\u00e3o para os presos fazerem blocos de concreto e brita&#8221;.<\/p>\n\n\n\n<p>Ainda segundo o site, h\u00e1 tamb\u00e9m oficinas de marmoraria, costura, alfaiataria e carpintaria. Os condenados podem receber um pacote por ano e podem passear em uma pequena jaula uma vez por dia durante 90 minutos. <\/p>\n\n\n\n<p>&#8220;[Os detidos] Possuem cama, mesa, criado-mudo, prateleira fechada onde podem guardar alimentos, prateleira para produtos de higiene pessoal, caixa d&#8217;\u00e1gua, cabide e vaso sanit\u00e1rio. Os presos n\u00e3o podem deitar na cama durante o dia e n\u00e3o podem conversar com outros presos. Todos os movimentos s\u00e3o realizados algemados&#8221;, descreve o portal.<\/p>\n\n\n\n<p>A pris\u00e3o foi fundada em 1960 como parte do sistema de campos de trabalhos for\u00e7ados sovi\u00e9ticos, de acordo com o jornal Moskovsky Komsomolets, destaca a Reuters.<\/p>\n\n\n\n<p>As transfer\u00eancias de um centro penitenci\u00e1rio para outro na R\u00fassia podem levar v\u00e1rias semanas em viagens de trem, com v\u00e1rias etapas. E as fam\u00edlias dos detentos n\u00e3o recebem informa\u00e7\u00f5es durante o per\u00edodo.<\/p>\n\n\n\n<p>A falta de not\u00edcias sobre Navalny gerou preocupa\u00e7\u00e3o em v\u00e1rios pa\u00edses ocidentais e na ONU.<\/p>\n\n\n\n<p>O movimento de Navalny foi minado de maneira met\u00f3dica pelas autoridades russas nos \u00faltimos anos, com v\u00e1rios de seus colaboradores e aliados sendo presos, ou indo para o ex\u00edlio.<\/p>\n\n\n\n<p>As autoridades iniciaram novos processos judiciais por &#8220;vandalismo&#8221; contra o opositor, o que pode resultar em mais tr\u00eas anos de deten\u00e7\u00e3o.<\/p>\n\n\n\n<p>Nesse cen\u00e1rio, com a oposi\u00e7\u00e3o quase inexistente e a repress\u00e3o intensa a qualquer voz cr\u00edtica, Putin aspira sem problemas a um novo mandato de seis anos na Presid\u00eancia da R\u00fassia nas elei\u00e7\u00f5es de mar\u00e7o de 2024. <\/p>\n\n\n\n<p>PUBLICIDADE <\/p>\n\n\n\n<figure class=\"wp-block-image size-full\"><img decoding=\"async\" src=\"https:\/\/blogfolhadocomercio.com.br\/wp-content\/uploads\/2024\/02\/image-24.png\" alt=\"\" class=\"wp-image-322396\"\/><\/figure>\n\n\n\n<p>Conhe\u00e7a melhor a Milenium no site&nbsp;<a href=\"http:\/\/www.mileniumcredito.com.br\/\">http:\/\/www.mileniumcredito.com.br<\/a><a href=\"https:\/\/oglobo.globo.com\/politica\/noticia\/2024\/02\/12\/ela-decidiu-ficar-perto-do-marido-e-um-momento-ruim-explica-damares-apos-michelle-bolsonaro-cancelar-viagem-aos-eua.ghtml\"><\/a><\/p>\n","protected":false},"excerpt":{"rendered":"<p>Em janeiro, ele relatou a tribunal de Moscou duras condi\u00e7\u00f5es de sobreviv\u00eancia em col\u00f4nia penal no \u00c1rtico e reclamou do limite de 10 minutos para se alimentar Alexei Navalny, principal&hellip;<\/p>\n","protected":false},"author":4,"featured_media":323504,"comment_status":"open","ping_status":"open","sticky":false,"template":"","format":"standard","meta":{"footnotes":""},"categories":[42],"tags":[],"class_list":["post-322479","post","type-post","status-publish","format-standard","has-post-thumbnail","hentry","category-ultimas"],"_links":{"self":[{"href":"https:\/\/blogfolhadocomercio.com.br\/wp\/wp-json\/wp\/v2\/posts\/322479","targetHints":{"allow":["GET"]}}],"collection":[{"href":"https:\/\/blogfolhadocomercio.com.br\/wp\/wp-json\/wp\/v2\/posts"}],"about":[{"href":"https:\/\/blogfolhadocomercio.com.br\/wp\/wp-json\/wp\/v2\/types\/post"}],"author":[{"embeddable":true,"href":"https:\/\/blogfolhadocomercio.com.br\/wp\/wp-json\/wp\/v2\/users\/4"}],"replies":[{"embeddable":true,"href":"https:\/\/blogfolhadocomercio.com.br\/wp\/wp-json\/wp\/v2\/comments?post=322479"}],"version-history":[{"count":1,"href":"https:\/\/blogfolhadocomercio.com.br\/wp\/wp-json\/wp\/v2\/posts\/322479\/revisions"}],"predecessor-version":[{"id":323337,"href":"https:\/\/blogfolhadocomercio.com.br\/wp\/wp-json\/wp\/v2\/posts\/322479\/revisions\/323337"}],"wp:featuredmedia":[{"embeddable":true,"href":"https:\/\/blogfolhadocomercio.com.br\/wp\/wp-json\/wp\/v2\/media\/323504"}],"wp:attachment":[{"href":"https:\/\/blogfolhadocomercio.com.br\/wp\/wp-json\/wp\/v2\/media?parent=322479"}],"wp:term":[{"taxonomy":"category","embeddable":true,"href":"https:\/\/blogfolhadocomercio.com.br\/wp\/wp-json\/wp\/v2\/categories?post=322479"},{"taxonomy":"post_tag","embeddable":true,"href":"https:\/\/blogfolhadocomercio.com.br\/wp\/wp-json\/wp\/v2\/tags?post=322479"}],"curies":[{"name":"wp","href":"https:\/\/api.w.org\/{rel}","templated":true}]}}