{"id":322399,"date":"2024-02-14T12:39:51","date_gmt":"2024-02-14T12:39:51","guid":{"rendered":"https:\/\/blogfolhadocomercio.com.br\/?p=322399"},"modified":"2024-03-22T16:38:38","modified_gmt":"2024-03-22T16:38:38","slug":"bolsonaristas-pretendem-empurrar-tarcisio-e-nunes-para-o-ato-da-paulista-no-dia-25","status":"publish","type":"post","link":"https:\/\/blogfolhadocomercio.com.br\/wp\/2024\/02\/14\/bolsonaristas-pretendem-empurrar-tarcisio-e-nunes-para-o-ato-da-paulista-no-dia-25\/","title":{"rendered":"Bolsonaristas pretendem &#8216;empurrar&#8217; Tarc\u00edsio e Nunes para o ato da Paulista no dia 25"},"content":{"rendered":"\n<p><strong>Nem Ricardo Nunes e muito menos\u00a0Tarc\u00edsio de Freitas\u00a0se manifestaram sobre a opera\u00e7\u00e3o deflagrada pela PF na quinta-feira passada mirando\u00a0Jair Bolsonaro. Mudos estavam, mudos continuaram.<\/strong> <\/p>\n\n\n\n<p>Bolsonaristas reclamaram da falta de solidariedade, mas nada chegou a viralizar nas redes.&nbsp;<\/p>\n\n\n\n<p>Pois, para o ato que pretende para lotar a Avenida Paulista no dia 25, o entorno do ex-presidente pretende fazer barulho conclamando a partir desta semana a presen\u00e7a de Tarc\u00edsio e Nunes no alto do carro de som em que Bolsonaro discursar\u00e1. <\/p>\n\n\n\n<p>Um de seus aliados antecipa:<\/p>\n\n\n\n<p>\u2014 Vamos empurr\u00e1-los para a manifesta\u00e7\u00e3o. Nem adianta se fingirem de mortos. O Tarc\u00edsio, ent\u00e3o, n\u00e3o poder\u00e1 se omitir.<\/p>\n\n\n\n<p>O ato ser\u00e1 aberto com um discurso de Silas Mafafaia e terminar\u00e1 com a fala de Bolsonaro.<\/p>\n\n\n\n<p>PUBLICIDADE <\/p>\n\n\n\n<figure class=\"wp-block-image size-full\"><img decoding=\"async\" src=\"https:\/\/blogfolhadocomercio.com.br\/wp-content\/uploads\/2024\/02\/image-24.png\" alt=\"\" class=\"wp-image-322396\"\/><\/figure>\n\n\n\n<p>Conhe\u00e7a melhor a Milenium no site&nbsp;<a href=\"http:\/\/www.mileniumcredito.com.br\/\">http:\/\/www.mileniumcredito.com.br<\/a><a href=\"https:\/\/oglobo.globo.com\/politica\/noticia\/2024\/02\/12\/ela-decidiu-ficar-perto-do-marido-e-um-momento-ruim-explica-damares-apos-michelle-bolsonaro-cancelar-viagem-aos-eua.ghtml\"><\/a><\/p>\n","protected":false},"excerpt":{"rendered":"<p>Nem Ricardo Nunes e muito menos\u00a0Tarc\u00edsio de Freitas\u00a0se manifestaram sobre a opera\u00e7\u00e3o deflagrada pela PF na quinta-feira passada mirando\u00a0Jair Bolsonaro. Mudos estavam, mudos continuaram. Bolsonaristas reclamaram da falta de solidariedade,&hellip;<\/p>\n","protected":false},"author":4,"featured_media":0,"comment_status":"open","ping_status":"open","sticky":false,"template":"","format":"standard","meta":{"footnotes":""},"categories":[34,35],"tags":[],"class_list":["post-322399","post","type-post","status-publish","format-standard","hentry","category-brasil","category-politica"],"_links":{"self":[{"href":"https:\/\/blogfolhadocomercio.com.br\/wp\/wp-json\/wp\/v2\/posts\/322399","targetHints":{"allow":["GET"]}}],"collection":[{"href":"https:\/\/blogfolhadocomercio.com.br\/wp\/wp-json\/wp\/v2\/posts"}],"about":[{"href":"https:\/\/blogfolhadocomercio.com.br\/wp\/wp-json\/wp\/v2\/types\/post"}],"author":[{"embeddable":true,"href":"https:\/\/blogfolhadocomercio.com.br\/wp\/wp-json\/wp\/v2\/users\/4"}],"replies":[{"embeddable":true,"href":"https:\/\/blogfolhadocomercio.com.br\/wp\/wp-json\/wp\/v2\/comments?post=322399"}],"version-history":[{"count":1,"href":"https:\/\/blogfolhadocomercio.com.br\/wp\/wp-json\/wp\/v2\/posts\/322399\/revisions"}],"predecessor-version":[{"id":323356,"href":"https:\/\/blogfolhadocomercio.com.br\/wp\/wp-json\/wp\/v2\/posts\/322399\/revisions\/323356"}],"wp:attachment":[{"href":"https:\/\/blogfolhadocomercio.com.br\/wp\/wp-json\/wp\/v2\/media?parent=322399"}],"wp:term":[{"taxonomy":"category","embeddable":true,"href":"https:\/\/blogfolhadocomercio.com.br\/wp\/wp-json\/wp\/v2\/categories?post=322399"},{"taxonomy":"post_tag","embeddable":true,"href":"https:\/\/blogfolhadocomercio.com.br\/wp\/wp-json\/wp\/v2\/tags?post=322399"}],"curies":[{"name":"wp","href":"https:\/\/api.w.org\/{rel}","templated":true}]}}