{"id":322254,"date":"2024-02-06T17:55:06","date_gmt":"2024-02-06T17:55:06","guid":{"rendered":"https:\/\/blogfolhadocomercio.com.br\/?p=322254"},"modified":"2024-03-22T16:58:41","modified_gmt":"2024-03-22T16:58:41","slug":"depois-dos-50-anos-risco-de-cancer-sobe-ate-11-vezes-veja-lista-dos-tumores-mais-comuns-nessa-fase","status":"publish","type":"post","link":"https:\/\/blogfolhadocomercio.com.br\/wp\/2024\/02\/06\/depois-dos-50-anos-risco-de-cancer-sobe-ate-11-vezes-veja-lista-dos-tumores-mais-comuns-nessa-fase\/","title":{"rendered":"Depois dos 50 anos, risco de c\u00e2ncer sobe at\u00e9 11 vezes; veja lista dos tumores mais comuns nessa fase"},"content":{"rendered":"\n<p><strong>No cen\u00e1rio mundial, 56% dos casos de c\u00e2ncer s\u00e3o diagnosticados em idosos e 70% de todas as mortes provocadas por doen\u00e7as oncol\u00f3gicas acometem pessoas acima dos 60 anos de idade<\/strong><\/p>\n\n\n\n<p>Nesta segunda, 5, foi anunciado que o Rei Charles III est\u00e1 com c\u00e2ncer \u2013 o tipo de tumor n\u00e3o foi divulgado. Na idade do monarca, que tem 75 anos, h\u00e1 um aumento no risco do diagn\u00f3stico da doen\u00e7a. Para ter ideia, ultrapassar a linha dos 50 anos de idade pode aumentar em at\u00e9 11 vezes o risco de desenvolvimento de c\u00e2ncer, segundo a Comiss\u00e3o de Oncogeriatria da Sociedade Brasileira de Geriatria e Gerontologia (SBGG). Segundo a mesma entidade, mais da metade (56%) dos casos de doen\u00e7as oncol\u00f3gicas no mundo s\u00e3o diagnosticadas em idosos, e cerca de 70% de todas as mortes provocadas por c\u00e2ncer atingem pessoas acima dos 60 anos.<\/p>\n\n\n\n<p>Os perigos do c\u00e2ncer na terceira idade tamb\u00e9m s\u00e3o alertados pelo Instituto Nacional de C\u00e2ncer (Inca). Na divulga\u00e7\u00e3o das estimativas da doen\u00e7a no Brasil para 2023 \u2014 o estudo \u00e9 publicado anualmente \u2014, o Inca afirma que \u201co impacto da incid\u00eancia e da mortalidade de c\u00e2ncer est\u00e1 aumentando no cen\u00e1rio mundial\u201d e informa que, \u201cna maioria dos pa\u00edses\u201d, a enfermidade est\u00e1 entre as principais causas de mortes prematuras, que s\u00e3o as que acontecem antes dos 70 anos.<\/p>\n\n\n\n<p>\u201cBasicamente, o termo \u2018c\u00e2ncer\u2019 se refere a uma pluralidade de tipos de tumores malignos decorrentes do crescimento desordenado e anormal de c\u00e9lulas\u201d, descreve o m\u00e9dico e oncologista Carlos Gil Fereira, presidente do Instituto Oncocl\u00ednicas. \u201cQuando essa \u2018falha\u2019 acontece, as c\u00e9lulas passam a se dividir rapidamente e formam tumores em algum local do corpo e podem se espalhar para outras regi\u00f5es, invadindo tecidos e \u00f3rg\u00e3os\u201d, completa o especialista.<\/p>\n\n\n\n<p>Na terceira idade, explica Gil, as corre\u00e7\u00f5es que o organismo faria para frear essa divis\u00e3o celular an\u00f4mala ficam mais comprometidas, uma vez que o sistema imunol\u00f3gico dos idosos \u00e9 naturalmente mais lento. \u201cEm outras palavras, ele&nbsp;<strong>n\u00e3o desempenha suas fun\u00e7\u00f5es de defesa com a mesma efici\u00eancia<\/strong>&nbsp;de antes\u201d, afirma o m\u00e9dico. \u201cLogo, esse descontrole na multiplica\u00e7\u00e3o celular favorece o surgimento do c\u00e2ncer na terceira idade\u201d, acrescenta.<\/p>\n\n\n\n<p>O presidente do Oncocl\u00ednicas destaca tamb\u00e9m que o aumento da expectativa de vida da popula\u00e7\u00e3o contribui para que os casos de doen\u00e7as oncol\u00f3gicas se concentrem entre os mais velhos. \u201cA&nbsp;<strong>longevidade<\/strong>&nbsp;torna os indiv\u00edduos mais expostos ao desenvolvimento de doen\u00e7as desse tipo. O simples fato de o organismo estar constantemente em um processo de divis\u00e3o celular aumenta os riscos na idade avan\u00e7ada\u201d, refor\u00e7a.<\/p>\n\n\n\n<h3 class=\"wp-block-heading\">Veja os tipos de c\u00e2ncer mais comuns em idosos<\/h3>\n\n\n\n<p>Embora os dados de preval\u00eancia sobre c\u00e2ncer diagnosticados em idosos n\u00e3o estejam totalmente atualizados, segundo especialistas ouvidos pelo<strong>\u00a0Estad\u00e3o<\/strong>, a lista dos tipos de tumor que mais atingem a terceira idade pode ser feita com base na preval\u00eancia no cen\u00e1rio mundial. Por isso, os m\u00e9dicos afirmam que os c\u00e2nceres que mais afetam o p\u00fablico mais velho s\u00e3o: <\/p>\n\n\n\n<ul class=\"wp-block-list\">\n<li>C\u00e2ncer de pulm\u00e3o<\/li>\n\n\n\n<li>C\u00e2ncer de mama<\/li>\n\n\n\n<li>C\u00e2ncer de pr\u00f3stata<\/li>\n\n\n\n<li>C\u00e2ncer colorretal (intestino)     <\/li>\n<\/ul>\n\n\n\n<p>C\u00e2ncer de pulm\u00e3o<br>De acordo com o \u00faltimo Observat\u00f3rio Global do C\u00e2ncer, da Ag\u00eancia Internacional de Pesquisa em C\u00e2ncer (Iarc), \u00f3rg\u00e3o vinculado \u00e0 Organiza\u00e7\u00e3o Mundial da Sa\u00fade (OMS), o c\u00e2ncer de pulm\u00e3o \u00e9 o tipo de tumor mais comum em todo mundo, com 2,5 milh\u00f5es de diagn\u00f3sticos (12,4% do total). Entre 60 e 85 anos, ele segue como o mais incidente, segundo o levantamento. As informa\u00e7\u00f5es foram divulgadas na semana passada e levam em conta dados de 2022 referentes a 185 pa\u00edses.<\/p>\n\n\n\n<p>No Brasil, dados do Inca, com base nas estimativas para 2023, apontam que esse tipo de c\u00e2ncer \u00e9 o terceiro de maior preval\u00eancia em homens (18.020 casos novos) e o quarto em mulheres no Brasil (14.540 casos novos). <\/p>\n\n\n\n<p>O principal fator de risco \u00e9 o tabagismo e a exposi\u00e7\u00e3o ao tabaco, respons\u00e1veis por 85% dos diagn\u00f3sticos no Pa\u00eds. A maior parte dos casos afeta pessoas entre 50 e 70 anos. De acordo com o Atlas de Mortalidade por C\u00e2ncer, que tem 2021 como ano de refer\u00eancia, 28.868 pessoas (15,9 mil homens e 12,9 mil mulheres) morreram em decorr\u00eancia da doen\u00e7a.<\/p>\n\n\n\n<p>Especialistas explicam que o excesso de contato com esses agentes ao longo da vida contribuem para que esse tipo de tumor seja muito frequente nos idosos. \u201cQuanto mais tempo vivo, maiores as chances de ter fumado, seja de forma ativa ou passiva. Por ficar mais tempo exposto ao fator de risco, maior o risco de aparecer o c\u00e2ncer de pulm\u00e3o\u201d explica o m\u00e9dico geriatra Gabriel Constantino, do A.C.Camargo Cancer Center. <\/p>\n\n\n\n<p>Outros fatores de risco para esse tipo de tumor englobam exposi\u00e7\u00e3o a agentes qu\u00edmicos ou f\u00edsicos, como asbesto, s\u00edlica, ur\u00e2nio, cromo, entre outros, al\u00e9m de \u00e1gua pot\u00e1vel contendo ars\u00eanico. Uso de altas doses de suplementos de betacaroteno em fumantes e ex-fumantes tamb\u00e9m entra na lista. <\/p>\n\n\n\n<h3 class=\"wp-block-heading\"><strong>C\u00e2ncer de mama<\/strong><\/h3>\n\n\n\n<p>O&nbsp;<a href=\"https:\/\/www.estadao.com.br\/tudo-sobre\/cancer-de-mama\" target=\"_blank\" rel=\"noreferrer noopener\">c\u00e2ncer de mama<\/a>&nbsp;\u00e9 outro tumor que costuma ser frequente em idosos. Segundo o Instituto Nacional de C\u00e2ncer, a idade \u00e9 um dos mais importantes fatores de risco para esse tumor: cerca de quatro em cada cinco casos s\u00e3o diagnosticados ap\u00f3s os 50 anos.<\/p>\n\n\n\n<p>O Observat\u00f3rio Global do C\u00e2ncer o identificou como o segundo tipo de c\u00e2ncer mais prevalente no mundo (2,3 milh\u00f5es, ou 11,6%), afetando mulheres na extrema maioria das situa\u00e7\u00f5es. Nesse mesmo levantamento, entre pessoas de 60 a 85 anos, trata-se do quarto tumor mais incidente.<\/p>\n\n\n\n<p>No Brasil, o tumor foi o respons\u00e1vel pela morte de 18.361 pessoas, sendo 220 homens e 18,1 mil mulheres, conforme o Atlas de Mortalidade por C\u00e2ncer de 2021. <\/p>\n\n\n\n<p>\u201cNo c\u00e2ncer de mama, as les\u00f5es vis\u00edveis acontecem \u00e0s vezes em idosos muito fr\u00e1geis. Mesmo assim, h\u00e1 muitos tratamentos para esses casos\u201d, diz Constantino. \u201cAgora, em idosos mais ativos e com rastreamento (<em>processo para detectar a doen\u00e7a<\/em>), geralmente o sintoma de c\u00e2ncer de mama \u00e9 percebido por meio de apalpa\u00e7\u00e3o de n\u00f3dulo, seja na consulta de rotina, no autoexame ou na mamografia.\u201d<\/p>\n\n\n\n<h3 class=\"wp-block-heading\"><strong>C\u00e2ncer de pr\u00f3stata<\/strong><\/h3>\n\n\n\n<p>O&nbsp;<a href=\"https:\/\/www.estadao.com.br\/tudo-sobre\/cancer-de-prostata\" target=\"_blank\" rel=\"noreferrer noopener\">c\u00e2ncer de pr\u00f3stata<\/a>&nbsp;\u00e9 considerado um c\u00e2ncer da terceira idade: 75% dos casos no mundo ocorrem a partir dos 65 anos, informa o Inca. Atualmente, \u00e9 o tipo de tumor que mais atinge homens no Brasil, atr\u00e1s apenas do c\u00e2ncer de pele n\u00e3o melanoma. Ao todo, 16.301 pessoas morreram em decorr\u00eancia da doen\u00e7a em 2021, conforme levantamento do Atlas de Mortalidade por C\u00e2ncer.<\/p>\n\n\n\n<p>No \u00faltimo Observat\u00f3rio Global do C\u00e2ncer, ficou em terceiro lugar entre os tumores mais frequentes dos 60 aos 85 anos.<\/p>\n\n\n\n<p>Entre os principais fatores de risco da doen\u00e7a est\u00e3o a idade, a presen\u00e7a de casos na fam\u00edlia, e tamb\u00e9m excesso de gordura corporal (sobrepeso e obesidade podem aumentar o risco de c\u00e2ncer de pr\u00f3stata avan\u00e7ado).<\/p>\n\n\n\n<p>Os sinais e sintomas iniciais se confundem com o crescimento benigno da pr\u00f3stata (gl\u00e2ndula que somente os homens possuem e que fica localizada abaixo da bexiga e \u00e0 frente do reto), que s\u00e3o dificuldade de urinar ou urinar de forma mais constante ao longo do dia e durante a noite. A detec\u00e7\u00e3o desse tumor pode ser feita por meio de exames cl\u00ednicos, como o toque retal e de sangue, bem como exames laboratoriais, endosc\u00f3pios ou radiol\u00f3gicos. <\/p>\n\n\n\n<h3 class=\"wp-block-heading\"><strong>C\u00e2ncer colorretal (intestino)<\/strong><\/h3>\n\n\n\n<p>Tamb\u00e9m listado pela OMS como um dos mais comuns no mundo, o c\u00e2ncer colorretal, chamado popularmente de c\u00e2ncer de intestino, \u00e9 outro muito frequente em pessoas idosas. No levantamento da Iarc, aparece como o segundo mais incidente entre os 60 e 85 anos, atr\u00e1s apenas do c\u00e2ncer de pulm\u00e3o.<\/p>\n\n\n\n<p>Esse tipo de tumor acomete parte do intestino, o c\u00f3lon e o reto. Entre os principais fatores de risco s\u00e3o idade igual ou acima de 50 anos, sedentarismo, sobrepeso e obesidade, alimenta\u00e7\u00e3o pobre em alimentos com fibras e excesso de ingest\u00e3o de carnes vermelhas e processadas. Hist\u00f3rico de c\u00e2ncer na fam\u00edlia, doen\u00e7as inflamat\u00f3rias do intestino, tabagismo e consumo de bebidas alco\u00f3licas tamb\u00e9m elevam as chances de diagn\u00f3stico desse tipo de tumor.<\/p>\n\n\n\n<p>O c\u00e2ncer colorretal pode demorar a provocar sintomas e, por isso, muitas vezes \u00e9 descoberto j\u00e1 em est\u00e1gio avan\u00e7ado. Entre os sinais est\u00e3o sangramento nas fezes, al\u00e9m de emagrecimento, embora esse n\u00e3o seja o sintoma mais comum. <\/p>\n\n\n\n<p>Apoio: <\/p>\n\n\n\n<figure class=\"wp-block-image size-large\"><img decoding=\"async\" src=\"https:\/\/blogfolhadocomercio.com.br\/wp-content\/uploads\/2024\/02\/image-6-1024x1024.png\" alt=\"\" class=\"wp-image-322180\"\/><\/figure>\n\n\n\n<p>Saiba mais sobre a Milenium em\u00a0<a href=\"http:\/\/www.mileniumcredito.com.br\/\">http:\/\/www.mileniumcredito.com.br<\/a> <\/p>\n","protected":false},"excerpt":{"rendered":"<p>No cen\u00e1rio mundial, 56% dos casos de c\u00e2ncer s\u00e3o diagnosticados em idosos e 70% de todas as mortes provocadas por doen\u00e7as oncol\u00f3gicas acometem pessoas acima dos 60 anos de idade&hellip;<\/p>\n","protected":false},"author":4,"featured_media":0,"comment_status":"open","ping_status":"open","sticky":false,"template":"","format":"standard","meta":{"footnotes":""},"categories":[39],"tags":[],"class_list":["post-322254","post","type-post","status-publish","format-standard","hentry","category-saude"],"_links":{"self":[{"href":"https:\/\/blogfolhadocomercio.com.br\/wp\/wp-json\/wp\/v2\/posts\/322254","targetHints":{"allow":["GET"]}}],"collection":[{"href":"https:\/\/blogfolhadocomercio.com.br\/wp\/wp-json\/wp\/v2\/posts"}],"about":[{"href":"https:\/\/blogfolhadocomercio.com.br\/wp\/wp-json\/wp\/v2\/types\/post"}],"author":[{"embeddable":true,"href":"https:\/\/blogfolhadocomercio.com.br\/wp\/wp-json\/wp\/v2\/users\/4"}],"replies":[{"embeddable":true,"href":"https:\/\/blogfolhadocomercio.com.br\/wp\/wp-json\/wp\/v2\/comments?post=322254"}],"version-history":[{"count":1,"href":"https:\/\/blogfolhadocomercio.com.br\/wp\/wp-json\/wp\/v2\/posts\/322254\/revisions"}],"predecessor-version":[{"id":323394,"href":"https:\/\/blogfolhadocomercio.com.br\/wp\/wp-json\/wp\/v2\/posts\/322254\/revisions\/323394"}],"wp:attachment":[{"href":"https:\/\/blogfolhadocomercio.com.br\/wp\/wp-json\/wp\/v2\/media?parent=322254"}],"wp:term":[{"taxonomy":"category","embeddable":true,"href":"https:\/\/blogfolhadocomercio.com.br\/wp\/wp-json\/wp\/v2\/categories?post=322254"},{"taxonomy":"post_tag","embeddable":true,"href":"https:\/\/blogfolhadocomercio.com.br\/wp\/wp-json\/wp\/v2\/tags?post=322254"}],"curies":[{"name":"wp","href":"https:\/\/api.w.org\/{rel}","templated":true}]}}