{"id":183995,"date":"2022-10-22T01:13:59","date_gmt":"2022-10-22T01:13:59","guid":{"rendered":"https:\/\/blogfolhadocomercio.com.br\/2022\/10\/22\/ator-deixa-chicago-med-apos-8-temporadas\/"},"modified":"2022-10-22T01:13:59","modified_gmt":"2022-10-22T01:13:59","slug":"ator-deixa-chicago-med-apos-8-temporadas","status":"publish","type":"post","link":"https:\/\/blogfolhadocomercio.com.br\/wp\/2022\/10\/22\/ator-deixa-chicago-med-apos-8-temporadas\/","title":{"rendered":"Ator deixa Chicago Med ap\u00f3s 8 temporadas"},"content":{"rendered":"\n<p>Grandes emo\u00e7\u00f5es v\u00e3o acontecer na 8\u00aa temporada de \u201cChicago Med\u201d que est\u00e1 sendo exibida na TV por assinatura. Mas n\u00e3o \u00e9 s\u00f3 na trama que anda acontecendo reviravoltas, nos bastidores da s\u00e9rie tamb\u00e9m. Quando a nova temporada come\u00e7ou, os f\u00e3s foram surpreendidos com a not\u00edcia da sa\u00edda de um ator da trama. Ele faz parte [\u2026]<\/p>\n<p>O post Ator deixa Chicago Med ap\u00f3s 8 temporadas apareceu primeiro em Jornal Cont\u00e1bil &#8211; Contabilidade, MEI , cr\u00e9dito, INSS, Receita Federal e Aux\u00edlios.<\/p>\n","protected":false},"excerpt":{"rendered":"<p>Grandes emo\u00e7\u00f5es v\u00e3o acontecer na 8\u00aa temporada de \u201cChicago Med\u201d que est\u00e1 sendo exibida na TV por assinatura. Mas n\u00e3o \u00e9 s\u00f3 na trama que anda acontecendo reviravoltas, nos bastidores&hellip;<\/p>\n","protected":false},"author":1,"featured_media":0,"comment_status":"open","ping_status":"closed","sticky":false,"template":"","format":"standard","meta":{"footnotes":""},"categories":[],"tags":[],"class_list":["post-183995","post","type-post","status-publish","format-standard","hentry"],"_links":{"self":[{"href":"https:\/\/blogfolhadocomercio.com.br\/wp\/wp-json\/wp\/v2\/posts\/183995","targetHints":{"allow":["GET"]}}],"collection":[{"href":"https:\/\/blogfolhadocomercio.com.br\/wp\/wp-json\/wp\/v2\/posts"}],"about":[{"href":"https:\/\/blogfolhadocomercio.com.br\/wp\/wp-json\/wp\/v2\/types\/post"}],"author":[{"embeddable":true,"href":"https:\/\/blogfolhadocomercio.com.br\/wp\/wp-json\/wp\/v2\/users\/1"}],"replies":[{"embeddable":true,"href":"https:\/\/blogfolhadocomercio.com.br\/wp\/wp-json\/wp\/v2\/comments?post=183995"}],"version-history":[{"count":0,"href":"https:\/\/blogfolhadocomercio.com.br\/wp\/wp-json\/wp\/v2\/posts\/183995\/revisions"}],"wp:attachment":[{"href":"https:\/\/blogfolhadocomercio.com.br\/wp\/wp-json\/wp\/v2\/media?parent=183995"}],"wp:term":[{"taxonomy":"category","embeddable":true,"href":"https:\/\/blogfolhadocomercio.com.br\/wp\/wp-json\/wp\/v2\/categories?post=183995"},{"taxonomy":"post_tag","embeddable":true,"href":"https:\/\/blogfolhadocomercio.com.br\/wp\/wp-json\/wp\/v2\/tags?post=183995"}],"curies":[{"name":"wp","href":"https:\/\/api.w.org\/{rel}","templated":true}]}}