{"id":180413,"date":"2022-10-18T01:08:06","date_gmt":"2022-10-18T01:08:06","guid":{"rendered":"https:\/\/sdnews.com.br\/noticia\/6275\/tres-ranchos-prefeito-hugo-deleon-anuncia-programacao-de-comemoracoes-dos-69-anos-de-emancipacao.html"},"modified":"2022-10-18T01:08:06","modified_gmt":"2022-10-18T01:08:06","slug":"tres-ranchos-prefeito-hugo-deleon-anuncia-programacao-de-comemoracoes-dos-69-anos-de-emancipacao","status":"publish","type":"post","link":"https:\/\/blogfolhadocomercio.com.br\/wp\/2022\/10\/18\/tres-ranchos-prefeito-hugo-deleon-anuncia-programacao-de-comemoracoes-dos-69-anos-de-emancipacao\/","title":{"rendered":"Tr\u00eas Ranchos: Prefeito Hugo Deleon anuncia programa\u00e7\u00e3o de comemora\u00e7\u00f5es dos 69 anos de emancipa\u00e7\u00e3o"},"content":{"rendered":"<p>Nesta quarta-feira &#8211; dia 19 de outubro, o munic\u00edpio tur\u00edstico de Tr\u00eas Ranchos, tamb&eacute;m conhecida com a cidade do Lago Azul, denomina\u00e7\u00e3o pelo principal cart\u00e3o postal da cidade que o seu inigual\u00e1vel e admir\u00e1vel Lago, comemora 69 anos de emancipa\u00e7\u00e3o pol\u00edtica. E para celebrar, uma grade de programa\u00e7\u00e3o foi elaborada pelo prefeito do munic\u00edpio Dr. Hugo Deleon de Carvalho Costa (CID) e sua equipe. De acordo com ele, foram pensados para comemorar mais um ano de desenvolvimento&#8230; <\/p>\n","protected":false},"excerpt":{"rendered":"<p>Nesta quarta-feira &#8211; dia 19 de outubro, o munic\u00edpio tur\u00edstico de Tr\u00eas Ranchos, tamb&eacute;m conhecida com a cidade do Lago Azul, denomina\u00e7\u00e3o pelo principal cart\u00e3o postal da cidade que o&hellip;<\/p>\n","protected":false},"author":1,"featured_media":0,"comment_status":"open","ping_status":"closed","sticky":false,"template":"","format":"standard","meta":{"footnotes":""},"categories":[],"tags":[],"class_list":["post-180413","post","type-post","status-publish","format-standard","hentry"],"_links":{"self":[{"href":"https:\/\/blogfolhadocomercio.com.br\/wp\/wp-json\/wp\/v2\/posts\/180413","targetHints":{"allow":["GET"]}}],"collection":[{"href":"https:\/\/blogfolhadocomercio.com.br\/wp\/wp-json\/wp\/v2\/posts"}],"about":[{"href":"https:\/\/blogfolhadocomercio.com.br\/wp\/wp-json\/wp\/v2\/types\/post"}],"author":[{"embeddable":true,"href":"https:\/\/blogfolhadocomercio.com.br\/wp\/wp-json\/wp\/v2\/users\/1"}],"replies":[{"embeddable":true,"href":"https:\/\/blogfolhadocomercio.com.br\/wp\/wp-json\/wp\/v2\/comments?post=180413"}],"version-history":[{"count":0,"href":"https:\/\/blogfolhadocomercio.com.br\/wp\/wp-json\/wp\/v2\/posts\/180413\/revisions"}],"wp:attachment":[{"href":"https:\/\/blogfolhadocomercio.com.br\/wp\/wp-json\/wp\/v2\/media?parent=180413"}],"wp:term":[{"taxonomy":"category","embeddable":true,"href":"https:\/\/blogfolhadocomercio.com.br\/wp\/wp-json\/wp\/v2\/categories?post=180413"},{"taxonomy":"post_tag","embeddable":true,"href":"https:\/\/blogfolhadocomercio.com.br\/wp\/wp-json\/wp\/v2\/tags?post=180413"}],"curies":[{"name":"wp","href":"https:\/\/api.w.org\/{rel}","templated":true}]}}