{"id":180390,"date":"2022-10-18T00:55:31","date_gmt":"2022-10-18T00:55:31","guid":{"rendered":"https:\/\/sdnews.com.br\/noticia\/6274\/anhanguera-secretaria-de-saude-abre-programacao-da-campanha-outubro-rosa.html"},"modified":"2024-03-22T12:52:58","modified_gmt":"2024-03-22T12:52:58","slug":"anhanguera-secretaria-de-saude-abre-programacao-da-campanha-outubro-rosa","status":"publish","type":"post","link":"https:\/\/blogfolhadocomercio.com.br\/wp\/2022\/10\/18\/anhanguera-secretaria-de-saude-abre-programacao-da-campanha-outubro-rosa\/","title":{"rendered":"Anhanguera: Secretaria de Sa\u00fade abre programa\u00e7\u00e3o da Campanha Outubro Rosa"},"content":{"rendered":"<p>A Prefeitura de Anhanguera atrav&eacute;s da Secretaria Municipal de Sa&uacute;de promoveu na tarde desta segunda-feira (17.10), a abertura da Campanha do Outubro Rosa, no Sal\u00e3o do CRAS. Durante o evento, foi anunciado centenas de atendimentos que ser\u00e3o destinados aos cuidados &agrave; mulher na Unidade de Sa&uacute;de Sebastiana Rosa de Jesus Nuta, em Anhanguera.Atrav&eacute;s dos esfor\u00e7os da Prefeitura de Anhanguera via Secretaria Municipal de Sa&uacute;de, as mulheres ter\u00e3o acesso agenda <\/p>\n","protected":false},"excerpt":{"rendered":"<p>A Prefeitura de Anhanguera atrav&eacute;s da Secretaria Municipal de Sa&uacute;de promoveu na tarde desta segunda-feira (17.10), a abertura da Campanha do Outubro Rosa, no Sal\u00e3o do CRAS. Durante o evento,&hellip;<\/p>\n","protected":false},"author":1,"featured_media":0,"comment_status":"open","ping_status":"closed","sticky":false,"template":"","format":"standard","meta":{"footnotes":""},"categories":[39],"tags":[],"class_list":["post-180390","post","type-post","status-publish","format-standard","hentry","category-saude"],"_links":{"self":[{"href":"https:\/\/blogfolhadocomercio.com.br\/wp\/wp-json\/wp\/v2\/posts\/180390","targetHints":{"allow":["GET"]}}],"collection":[{"href":"https:\/\/blogfolhadocomercio.com.br\/wp\/wp-json\/wp\/v2\/posts"}],"about":[{"href":"https:\/\/blogfolhadocomercio.com.br\/wp\/wp-json\/wp\/v2\/types\/post"}],"author":[{"embeddable":true,"href":"https:\/\/blogfolhadocomercio.com.br\/wp\/wp-json\/wp\/v2\/users\/1"}],"replies":[{"embeddable":true,"href":"https:\/\/blogfolhadocomercio.com.br\/wp\/wp-json\/wp\/v2\/comments?post=180390"}],"version-history":[{"count":1,"href":"https:\/\/blogfolhadocomercio.com.br\/wp\/wp-json\/wp\/v2\/posts\/180390\/revisions"}],"predecessor-version":[{"id":323270,"href":"https:\/\/blogfolhadocomercio.com.br\/wp\/wp-json\/wp\/v2\/posts\/180390\/revisions\/323270"}],"wp:attachment":[{"href":"https:\/\/blogfolhadocomercio.com.br\/wp\/wp-json\/wp\/v2\/media?parent=180390"}],"wp:term":[{"taxonomy":"category","embeddable":true,"href":"https:\/\/blogfolhadocomercio.com.br\/wp\/wp-json\/wp\/v2\/categories?post=180390"},{"taxonomy":"post_tag","embeddable":true,"href":"https:\/\/blogfolhadocomercio.com.br\/wp\/wp-json\/wp\/v2\/tags?post=180390"}],"curies":[{"name":"wp","href":"https:\/\/api.w.org\/{rel}","templated":true}]}}