{"id":134904,"date":"2022-08-26T02:37:12","date_gmt":"2022-08-26T02:37:12","guid":{"rendered":"http:\/\/blogfolhadocomercio.com.br\/2022\/08\/26\/quais-sao-seus-direitos-do-trabalhador-informal\/"},"modified":"2022-08-26T02:37:12","modified_gmt":"2022-08-26T02:37:12","slug":"quais-sao-seus-direitos-do-trabalhador-informal","status":"publish","type":"post","link":"https:\/\/blogfolhadocomercio.com.br\/wp\/2022\/08\/26\/quais-sao-seus-direitos-do-trabalhador-informal\/","title":{"rendered":"Quais s\u00e3o seus direitos do trabalhador informal?"},"content":{"rendered":"\n<p>O trabalhador com carteira assinada tem direito a v\u00e1rios benef\u00edcios, como 13\u00ba sal\u00e1rio, f\u00e9rias, seguro-desemprego, aposentadoria. No entanto existe uma boa parcela da popula\u00e7\u00e3o atua como informal. O trabalhador informal n\u00e3o tem direito aos mesmos benef\u00edcios de quem atua sob o regime CLT (Consolida\u00e7\u00e3o das Leis do Trabalho). Mas ser\u00e1 que o trabalho informal oferece [\u2026]<\/p>\n<p>O post Quais s\u00e3o seus direitos do trabalhador informal? apareceu primeiro em Jornal Cont\u00e1bil &#8211; Contabilidade, MEI , cr\u00e9dito, INSS, Receita Federal.<\/p>\n","protected":false},"excerpt":{"rendered":"<p>O trabalhador com carteira assinada tem direito a v\u00e1rios benef\u00edcios, como 13\u00ba sal\u00e1rio, f\u00e9rias, seguro-desemprego, aposentadoria. No entanto existe uma boa parcela da popula\u00e7\u00e3o atua como informal. O trabalhador informal&hellip;<\/p>\n","protected":false},"author":1,"featured_media":0,"comment_status":"open","ping_status":"closed","sticky":false,"template":"","format":"standard","meta":{"footnotes":""},"categories":[],"tags":[],"class_list":["post-134904","post","type-post","status-publish","format-standard","hentry"],"_links":{"self":[{"href":"https:\/\/blogfolhadocomercio.com.br\/wp\/wp-json\/wp\/v2\/posts\/134904","targetHints":{"allow":["GET"]}}],"collection":[{"href":"https:\/\/blogfolhadocomercio.com.br\/wp\/wp-json\/wp\/v2\/posts"}],"about":[{"href":"https:\/\/blogfolhadocomercio.com.br\/wp\/wp-json\/wp\/v2\/types\/post"}],"author":[{"embeddable":true,"href":"https:\/\/blogfolhadocomercio.com.br\/wp\/wp-json\/wp\/v2\/users\/1"}],"replies":[{"embeddable":true,"href":"https:\/\/blogfolhadocomercio.com.br\/wp\/wp-json\/wp\/v2\/comments?post=134904"}],"version-history":[{"count":0,"href":"https:\/\/blogfolhadocomercio.com.br\/wp\/wp-json\/wp\/v2\/posts\/134904\/revisions"}],"wp:attachment":[{"href":"https:\/\/blogfolhadocomercio.com.br\/wp\/wp-json\/wp\/v2\/media?parent=134904"}],"wp:term":[{"taxonomy":"category","embeddable":true,"href":"https:\/\/blogfolhadocomercio.com.br\/wp\/wp-json\/wp\/v2\/categories?post=134904"},{"taxonomy":"post_tag","embeddable":true,"href":"https:\/\/blogfolhadocomercio.com.br\/wp\/wp-json\/wp\/v2\/tags?post=134904"}],"curies":[{"name":"wp","href":"https:\/\/api.w.org\/{rel}","templated":true}]}}