{"id":113427,"date":"2022-07-28T10:05:00","date_gmt":"2022-07-28T10:05:00","guid":{"rendered":"https:\/\/blogfolhadocomercio.com.br\/2022\/07\/28\/peru-apreende-mais-de-700-quilos-de-cocaina-que-iam-para-a-holanda\/"},"modified":"2022-07-28T10:05:00","modified_gmt":"2022-07-28T10:05:00","slug":"peru-apreende-mais-de-700-quilos-de-cocaina-que-iam-para-a-holanda","status":"publish","type":"post","link":"https:\/\/blogfolhadocomercio.com.br\/wp\/2022\/07\/28\/peru-apreende-mais-de-700-quilos-de-cocaina-que-iam-para-a-holanda\/","title":{"rendered":"Peru apreende mais de 700 quilos de coca\u00edna que iam para a Holanda"},"content":{"rendered":"\n<div class=\"toolkit-image-container media_box full-dimensions771x420\">\n<div class=\"toolkit-image-container__edges edges\"> <img decoding=\"async\" class=\"toolkit-image-container__image croppable\" src=\"https:\/\/blogfolhadocomercio.com.br\/wp-content\/uploads\/2022\/07\/peru-apreende-mais-de-700-quilos-de-cocaina-que-iam-para-a-holanda.jpg\" title=\"Carregamento seguiria para a Holanda por navio\" alt=\"Carregamento seguiria para a Holanda por navio\" loading=\"lazy\" width=\"771\" height=\"420\" \/> <\/p>\n<div class=\"gallery_link\"> <\/div>\n<\/p><\/div>\n<div class=\"toolkit-image-container__info content_image\" data-dimensions=\"771x420\"> <span class=\"toolkit-image-container__caption legend_box \">Carregamento seguiria para a Holanda por navio<\/span> <span class=\"toolkit-image-container__credit credit_box \">Mart Production\/Pexels<\/span> <\/div>\n<\/div>\n<p> A pol\u00edcia antidrogas do Peru apreendeu mais de 700 quilos de coca\u00edna que seriam enviados por via mar\u00edtima para a Holanda escondidos entre cilindros de polpa de maracuj\u00e1, disseram autoridades na quarta-feira (28).<\/p>\n<p> \u201cDepois de uma investiga\u00e7\u00e3o da Promotoria Especializada para Tr\u00e1fico Il\u00edcito de Drogas, um dep\u00f3sito de cont\u00eaineres foi interposto no porto de Callao (pr\u00f3ximo a Lima), encontrando mais de 700 quilos de cloridrato de coca\u00edna\u201d, indica um comunicado da promotoria.<\/p>\n<p> A droga avaliada em mais de US$ 2,6 milh\u00f5es estava camuflada em 20 maletas que foram encontradas entre cilindros com polpa de maracuj\u00e1, segundo a pol\u00edcia antidrogas.<\/p>\n<p> &#8220;A droga seria enviada para o porto de Amsterd\u00e3, na Holanda. Estamos realizando investiga\u00e7\u00f5es para estabelecer responsabilidades&#8221;, disse o diretor antidrogas Deny Rodr\u00edguez.<\/p>\n<div class=\"toolkit-card-primary mb-7\" data-dp6-item='vejaTambem'>\n<div class=\"toolkit-card-primary__body\">\n<h6 class=\"toolkit-card-primary__title\"> Veja tamb\u00e9m <\/h6>\n<ul class=\"toolkit-list d-flex\">\n<li class=\"toolkit-card-secondary\"> <a href=\"http:\/\/noticias.r7.com\/internacional\/tailandes-que-foi-considerado-morto-por-25-anos-consegue-provar-que-esta-vivo-28072022\" title=\"Tailand\u00eas que foi considerado 'morto' por 25 anos consegue provar que est\u00e1 vivo\" data-layer-dispatch-cancel> <img decoding=\"async\" alt=\"Tailand\u00eas que foi considerado 'morto' por 25 anos consegue provar que est\u00e1 vivo\" title=\"Tailand\u00eas que foi considerado 'morto' por 25 anos consegue provar que est\u00e1 vivo\" class=\"toolkit-card-secondary__image\" src=\"https:\/\/blogfolhadocomercio.com.br\/wp-content\/uploads\/2022\/07\/peru-apreende-mais-de-700-quilos-de-cocaina-que-iam-para-a-holanda-1.jpg\">\n<div class=\"toolkit-card-secondary__hat \">Internacional<\/div>\n<h3 class=\"toolkit-card-secondary__title\">Tailand\u00eas que foi considerado &#8216;morto&#8217; por 25 anos consegue provar que est\u00e1 vivo<\/h3>\n<p> <\/a> <\/li>\n<li class=\"toolkit-card-secondary\"> <a href=\"http:\/\/noticias.r7.com\/internacional\/ucranianos-denunciam-fome-e-agressoes-em-prisoes-russos-27072022\" title=\"Ucranianos denunciam fome e agress\u00f5es em pris\u00f5es russos\" data-layer-dispatch-cancel> <img decoding=\"async\" alt=\"Ucranianos denunciam fome e agress\u00f5es em pris\u00f5es russos\" title=\"Ucranianos denunciam fome e agress\u00f5es em pris\u00f5es russos\" class=\"toolkit-card-secondary__image\" src=\"https:\/\/blogfolhadocomercio.com.br\/wp-content\/uploads\/2022\/07\/peru-apreende-mais-de-700-quilos-de-cocaina-que-iam-para-a-holanda-2.jpg\">\n<div class=\"toolkit-card-secondary__hat \">Internacional<\/div>\n<h3 class=\"toolkit-card-secondary__title\">Ucranianos denunciam fome e agress\u00f5es em pris\u00f5es russos<\/h3>\n<p> <\/a> <\/li>\n<li class=\"toolkit-card-secondary\"> <a href=\"http:\/\/noticias.r7.com\/internacional\/joe-biden-encerra-isolamento-por-covid-19-e-volta-ao-salao-oval-27072022\" title=\"Joe Biden encerra isolamento por Covid-19 e volta ao Sal\u00e3o Oval\" data-layer-dispatch-cancel> <img decoding=\"async\" alt=\"Joe Biden encerra isolamento por Covid-19 e volta ao Sal\u00e3o Oval\" title=\"Joe Biden encerra isolamento por Covid-19 e volta ao Sal\u00e3o Oval\" class=\"toolkit-card-secondary__image\" src=\"https:\/\/blogfolhadocomercio.com.br\/wp-content\/uploads\/2022\/07\/peru-apreende-mais-de-700-quilos-de-cocaina-que-iam-para-a-holanda-3.jpg\">\n<div class=\"toolkit-card-secondary__hat \">Internacional<\/div>\n<h3 class=\"toolkit-card-secondary__title\">Joe Biden encerra isolamento por Covid-19 e volta ao Sal\u00e3o Oval<\/h3>\n<p> <\/a> <\/li>\n<\/ul><\/div>\n<\/div>\n<p> Em 11 de junho, a pol\u00edcia apreendeu 2,2 toneladas de coca\u00edna que seriam enviadas por via mar\u00edtima para a Holanda escondidas em latas de aspargos. Este ano, a pol\u00edcia peruana apreendeu cerca de 35 toneladas de drogas.<\/p>\n<p> O Peru \u00e9 um dos maiores produtores mundiais de coca\u00edna, com cerca de 400 toneladas por ano, segundo dados oficiais. Al\u00e9m disso, \u00e9, junto com a Bol\u00edvia, um dos maiores produtores de folhas de coca, mat\u00e9ria-prima da coca\u00edna, depois da Col\u00f4mbia.<\/p>\n","protected":false},"excerpt":{"rendered":"<p>Carregamento seguiria para a Holanda por navio Mart Production\/Pexels A pol\u00edcia antidrogas do Peru apreendeu mais de 700 quilos de coca\u00edna que seriam enviados por via mar\u00edtima para a Holanda&hellip;<\/p>\n","protected":false},"author":1,"featured_media":0,"comment_status":"open","ping_status":"closed","sticky":false,"template":"","format":"standard","meta":{"footnotes":""},"categories":[],"tags":[],"class_list":["post-113427","post","type-post","status-publish","format-standard","hentry"],"_links":{"self":[{"href":"https:\/\/blogfolhadocomercio.com.br\/wp\/wp-json\/wp\/v2\/posts\/113427","targetHints":{"allow":["GET"]}}],"collection":[{"href":"https:\/\/blogfolhadocomercio.com.br\/wp\/wp-json\/wp\/v2\/posts"}],"about":[{"href":"https:\/\/blogfolhadocomercio.com.br\/wp\/wp-json\/wp\/v2\/types\/post"}],"author":[{"embeddable":true,"href":"https:\/\/blogfolhadocomercio.com.br\/wp\/wp-json\/wp\/v2\/users\/1"}],"replies":[{"embeddable":true,"href":"https:\/\/blogfolhadocomercio.com.br\/wp\/wp-json\/wp\/v2\/comments?post=113427"}],"version-history":[{"count":0,"href":"https:\/\/blogfolhadocomercio.com.br\/wp\/wp-json\/wp\/v2\/posts\/113427\/revisions"}],"wp:attachment":[{"href":"https:\/\/blogfolhadocomercio.com.br\/wp\/wp-json\/wp\/v2\/media?parent=113427"}],"wp:term":[{"taxonomy":"category","embeddable":true,"href":"https:\/\/blogfolhadocomercio.com.br\/wp\/wp-json\/wp\/v2\/categories?post=113427"},{"taxonomy":"post_tag","embeddable":true,"href":"https:\/\/blogfolhadocomercio.com.br\/wp\/wp-json\/wp\/v2\/tags?post=113427"}],"curies":[{"name":"wp","href":"https:\/\/api.w.org\/{rel}","templated":true}]}}