{"id":113334,"date":"2022-07-28T05:00:04","date_gmt":"2022-07-28T05:00:04","guid":{"rendered":"https:\/\/blogfolhadocomercio.com.br\/2022\/07\/28\/mae-de-mulher-morta-pelo-marido-chora-e-diz-que-alertou-filha-larga-esse-cara-ele-nao-presta\/"},"modified":"2022-07-28T05:00:04","modified_gmt":"2022-07-28T05:00:04","slug":"mae-de-mulher-morta-pelo-marido-chora-e-diz-que-alertou-filha-larga-esse-cara-ele-nao-presta","status":"publish","type":"post","link":"https:\/\/blogfolhadocomercio.com.br\/wp\/2022\/07\/28\/mae-de-mulher-morta-pelo-marido-chora-e-diz-que-alertou-filha-larga-esse-cara-ele-nao-presta\/","title":{"rendered":"M\u00e3e de mulher morta pelo marido chora e diz que alertou filha: &#8216;Larga esse cara, ele n\u00e3o presta&#8217;"},"content":{"rendered":"\n<div class=\"toolkit-image-container media_box full-dimensions771x420\">\n<div class=\"toolkit-image-container__edges edges\"> <img decoding=\"async\" class=\"toolkit-image-container__image croppable\" src=\"https:\/\/blogfolhadocomercio.com.br\/wp-content\/uploads\/2022\/07\/mae-de-mulher-morta-pelo-marido-chora-e-diz-que-alertou-filha-larga-esse-cara-ele-nao-presta.jpg\" title=\"Kelber, preso ap\u00f3s matar J\u00e9ssica e o filho Th\u00e9o\" alt=\"Kelber, preso ap\u00f3s matar J\u00e9ssica e o filho Th\u00e9o\" loading=\"lazy\" width=\"771\" height=\"420\" \/> <\/p>\n<div class=\"gallery_link\"> <\/div>\n<\/p><\/div>\n<div class=\"toolkit-image-container__info content_image\" data-dimensions=\"771x420\"> <span class=\"toolkit-image-container__caption legend_box \">Kelber, preso ap\u00f3s matar J\u00e9ssica e o filho Th\u00e9o<\/span> <span class=\"toolkit-image-container__credit credit_box \">Reprodu\u00e7\u00e3o\/Record TV<\/span> <\/div>\n<\/div>\n<p> A m\u00e3e da mulher morta pelo marido em Blumenau (SC) afirmou em entrevista \u00e0 <strong>Record TV<\/strong> que j\u00e1 havia alertado J\u00e9ssica Mayara Ballock para que terminasse a rela\u00e7\u00e3o com Kelber Henrique Pereira. \u201cEu falei pra ela: \u2018Filha, larga esse cara, ele n\u00e3o presta\u2019\u201d, relatou Marcileia Ballock, bastante emocionada.<\/p>\n<p> J\u00e9ssica, de 23 anos, e o filho Th\u00e9o Pereira, de apenas 3 meses, <a href=\"https:\/\/noticias.r7.com\/cidades\/mulher-e-bebe-de-3-meses-sao-mortos-em-blumenau-sc-marido-e-suspeito-25072022\"><strong>foram mortos no fim de semana<\/strong><\/a> por Kelber, de 28. Ele foi preso na noite de ter\u00e7a-feira (26) em Paul\u00ednia, no interior de S\u00e3o Paulo, e confessou os crimes. Kelber saiu de Santa Catarina com o outro filho que tem com J\u00e9ssica, de 2 anos, que foi levado para a casa dos av\u00f3s paternos, em Minas Gerais, mas agora est\u00e1 sob os cuidados de uma institui\u00e7\u00e3o.<\/p>\n<p> Marcileia afirma que a fam\u00edlia e amigos j\u00e1 haviam pedido para que J\u00e9ssica terminasse a rela\u00e7\u00e3o. Al\u00e9m de conhecerem o fato de Kelber usar drogas, a fam\u00edlia j\u00e1 sabia que ele havia cometido furtos de objetos de parentes da jovem. Por esses e outros motivos e por ser uma m\u00e1 influ\u00eancia, alertaram a jovem sobre a rela\u00e7\u00e3o. \u201cEla amava tanto ele que n\u00e3o escutava a gente\u201d, afirma.<\/p>\n<div class=\"toolkit-card-primary mb-7\" data-dp6-item='vejaTambem'>\n<div class=\"toolkit-card-primary__body\">\n<h6 class=\"toolkit-card-primary__title\"> Veja tamb\u00e9m <\/h6>\n<ul class=\"toolkit-list d-flex\">\n<li class=\"toolkit-card-secondary\"> <a href=\"http:\/\/noticias.r7.com\/sao-paulo\/nao-existe-perdao-para-isso-diz-homem-que-matou-filho-e-mulher-em-sc-27072022\" title=\"\u2018N\u00e3o existe perd\u00e3o para isso\u2019, diz homem que matou filho e mulher em SC\" data-layer-dispatch-cancel> <img decoding=\"async\" alt=\"\u2018N\u00e3o existe perd\u00e3o para isso\u2019, diz homem que matou filho e mulher em SC\" title=\"\u2018N\u00e3o existe perd\u00e3o para isso\u2019, diz homem que matou filho e mulher em SC\" class=\"toolkit-card-secondary__image\" src=\"https:\/\/blogfolhadocomercio.com.br\/wp-content\/uploads\/2022\/07\/mae-de-mulher-morta-pelo-marido-chora-e-diz-que-alertou-filha-larga-esse-cara-ele-nao-presta-1.jpg\">\n<div class=\"toolkit-card-secondary__hat \">S\u00e3o Paulo<\/div>\n<h3 class=\"toolkit-card-secondary__title\">\u2018N\u00e3o existe perd\u00e3o para isso\u2019, diz homem que matou filho e mulher em SC<\/h3>\n<p> <\/a> <\/li>\n<li class=\"toolkit-card-secondary\"> <a href=\"http:\/\/noticias.r7.com\/sao-paulo\/suspeito-de-matar-mulher-e-filho-de-3-meses-em-santa-catarina-e-preso-em-sao-paulo-27072022\" title=\"Suspeito de matar mulher e filho de 3 meses em Santa Catarina \u00e9 preso em S\u00e3o Paulo \" data-layer-dispatch-cancel> <img decoding=\"async\" alt=\"Suspeito de matar mulher e filho de 3 meses em Santa Catarina \u00e9 preso em S\u00e3o Paulo \" title=\"Suspeito de matar mulher e filho de 3 meses em Santa Catarina \u00e9 preso em S\u00e3o Paulo \" class=\"toolkit-card-secondary__image\" src=\"https:\/\/blogfolhadocomercio.com.br\/wp-content\/uploads\/2022\/07\/mae-de-mulher-morta-pelo-marido-chora-e-diz-que-alertou-filha-larga-esse-cara-ele-nao-presta-2.jpg\">\n<div class=\"toolkit-card-secondary__hat \">S\u00e3o Paulo<\/div>\n<h3 class=\"toolkit-card-secondary__title\">Suspeito de matar mulher e filho de 3 meses em Santa Catarina \u00e9 preso em S\u00e3o Paulo <\/h3>\n<p> <\/a> <\/li>\n<li class=\"toolkit-card-secondary\"> <a href=\"http:\/\/noticias.r7.com\/sao-paulo\/blogueira-presa-em-aeroporto-e-condenada-por-trafico-internacional-de-drogas-27072022\" title=\"Blogueira presa em aeroporto \u00e9 condenada por tr\u00e1fico internacional de drogas\" data-layer-dispatch-cancel> <img decoding=\"async\" alt=\"Blogueira presa em aeroporto \u00e9 condenada por tr\u00e1fico internacional de drogas\" title=\"Blogueira presa em aeroporto \u00e9 condenada por tr\u00e1fico internacional de drogas\" class=\"toolkit-card-secondary__image\" src=\"https:\/\/blogfolhadocomercio.com.br\/wp-content\/uploads\/2022\/07\/mae-de-mulher-morta-pelo-marido-chora-e-diz-que-alertou-filha-larga-esse-cara-ele-nao-presta-3.jpg\">\n<div class=\"toolkit-card-secondary__hat \">S\u00e3o Paulo<\/div>\n<h3 class=\"toolkit-card-secondary__title\">Blogueira presa em aeroporto \u00e9 condenada por tr\u00e1fico internacional de drogas<\/h3>\n<p> <\/a> <\/li>\n<\/ul><\/div>\n<\/div>\n<p> \u00a0<\/p>\n<div class=\"toolkit-image-container media_box full-dimensions301x301\">\n<div class=\"toolkit-image-container__edges edges\"> <img decoding=\"async\" class=\"toolkit-image-container__image croppable\" src=\"https:\/\/blogfolhadocomercio.com.br\/wp-content\/uploads\/2022\/07\/mae-de-mulher-morta-pelo-marido-chora-e-diz-que-alertou-filha-larga-esse-cara-ele-nao-presta-4.jpg\" title=\"Marcileia Ballock\" alt=\"Marcileia Ballock\" loading=\"lazy\" width=\"301\" height=\"301\" \/> <\/p>\n<div class=\"gallery_link\"> <\/div>\n<\/p><\/div>\n<div class=\"toolkit-image-container__info content_image\" data-dimensions=\"301x301\"> <span class=\"toolkit-image-container__caption legend_box \">Marcileia Ballock<\/span> <span class=\"toolkit-image-container__credit credit_box \">Reprodu\u00e7\u00e3o\/Record TV<\/span> <\/div>\n<\/div>\n<p> A m\u00e3e da jovem conta que J\u00e9ssica se afastou dos parentes e at\u00e9 dos amigos por causa do marido. \u201cEle fez ela se afastar de mim e dos outros. A gente sofria. Eu n\u00e3o podia estar minha a filha e os meus netos\u201d, conta.<\/p>\n<p> Marcileia descarta que Kelber tenha cometido os crimes por estar sob os efeitos de drogas, conforme ele alega. Ela relata que ela j\u00e1 usou entorpecentes outras vezes, sem efeitos dr\u00e1sticos. Afirma ainda que, na festa ocorrida na casa da fam\u00edlia no s\u00e1bado (23), o genro consumiu apenas duas latinhas de cerveja.<\/p>\n<p> O pai de J\u00e9ssica, Rog\u00e9rio Ballock, tamb\u00e9m emocionado, mostrou revolta pela fam\u00edlia n\u00e3o ter sido informada sobre a investiga\u00e7\u00e3o envolvendo o poss\u00edvel assassinato de outra mulher por Kelber. Ele \u00e9 suspeito de ter matado uma garota de programa em Gaspar (SC) h\u00e1 tr\u00eas meses.<\/p>\n<p> \u201cEu nem sabia desse crime. Minha filha poderia estar viva se tiv\u00e9ssemos sido alertados\u201d, lamentou Rog\u00e9rio. Ele definiu Kelber como \u201clixo da sociedade\u201d e afirmou que tratou o genro \u201cda melhor forma\u201d em sua casa.<\/p>\n<div class=\"media_box embed video_box full-dimensionsundefined\" data-name=\"r7\"> <iframe src=\"https:\/\/player.r7.com\/video\/i\/62e16ec619d22482170012ac\" width=\"640\" height=\"360\" frameborder=\"0\" loading=\"lazy\" allowfullscreen><\/iframe>\n<\/div>\n","protected":false},"excerpt":{"rendered":"<p>Kelber, preso ap\u00f3s matar J\u00e9ssica e o filho Th\u00e9o Reprodu\u00e7\u00e3o\/Record TV A m\u00e3e da mulher morta pelo marido em Blumenau (SC) afirmou em entrevista \u00e0 Record TV que j\u00e1 havia&hellip;<\/p>\n","protected":false},"author":1,"featured_media":0,"comment_status":"open","ping_status":"closed","sticky":false,"template":"","format":"standard","meta":{"footnotes":""},"categories":[],"tags":[],"class_list":["post-113334","post","type-post","status-publish","format-standard","hentry"],"_links":{"self":[{"href":"https:\/\/blogfolhadocomercio.com.br\/wp\/wp-json\/wp\/v2\/posts\/113334","targetHints":{"allow":["GET"]}}],"collection":[{"href":"https:\/\/blogfolhadocomercio.com.br\/wp\/wp-json\/wp\/v2\/posts"}],"about":[{"href":"https:\/\/blogfolhadocomercio.com.br\/wp\/wp-json\/wp\/v2\/types\/post"}],"author":[{"embeddable":true,"href":"https:\/\/blogfolhadocomercio.com.br\/wp\/wp-json\/wp\/v2\/users\/1"}],"replies":[{"embeddable":true,"href":"https:\/\/blogfolhadocomercio.com.br\/wp\/wp-json\/wp\/v2\/comments?post=113334"}],"version-history":[{"count":0,"href":"https:\/\/blogfolhadocomercio.com.br\/wp\/wp-json\/wp\/v2\/posts\/113334\/revisions"}],"wp:attachment":[{"href":"https:\/\/blogfolhadocomercio.com.br\/wp\/wp-json\/wp\/v2\/media?parent=113334"}],"wp:term":[{"taxonomy":"category","embeddable":true,"href":"https:\/\/blogfolhadocomercio.com.br\/wp\/wp-json\/wp\/v2\/categories?post=113334"},{"taxonomy":"post_tag","embeddable":true,"href":"https:\/\/blogfolhadocomercio.com.br\/wp\/wp-json\/wp\/v2\/tags?post=113334"}],"curies":[{"name":"wp","href":"https:\/\/api.w.org\/{rel}","templated":true}]}}